{"id":10124,"date":"2021-08-23T17:31:33","date_gmt":"2021-08-23T22:31:33","guid":{"rendered":"https:\/\/www.derechoshumanos.gob.ec\/?p=10124"},"modified":"2021-08-23T17:31:33","modified_gmt":"2021-08-23T22:31:33","slug":"presentacion-de-proyectos-institucionales-a-la-directora-regional-para-america-latina-y-el-caribe-de-unicef","status":"publish","type":"post","link":"https:\/\/www.ministeriodegobierno.gob.ec\/derechoshumanos\/2021\/08\/23\/presentacion-de-proyectos-institucionales-a-la-directora-regional-para-america-latina-y-el-caribe-de-unicef\/","title":{"rendered":"PRESENTACI\u00d3N DE PROYECTOS INSTITUCIONALES A LA DIRECTORA REGIONAL PARA AM\u00c9RICA LATINA Y EL CARIBE DE UNICEF"},"content":{"rendered":"\n<p class=\"wp-block-paragraph\"><\/p>\n\n\n\n<p class=\"wp-block-paragraph\"><strong>Quito, Ecuador. &#8211;<\/strong> La Secretaria de Derechos Humanos, Bernarda Ord\u00f3\u00f1ez Moscoso, junto al Gabinete Sectorial Social, particip\u00f3 en la visita oficial de la Sra. Jean Gough, Directora Regional para Am\u00e9rica Latina y el Caribe de UNICEF.<\/p>\n\n\n\n<p class=\"wp-block-paragraph\">En esta reuni\u00f3n las autoridades dieron a conocer los avances en cuanto a las pol\u00edticas de infancia en el marco de la Convenci\u00f3n de la Ni\u00f1ez, y de las Observaciones de su Comit\u00e9.<\/p>\n\n\n\n<p class=\"wp-block-paragraph\">Al respecto la m\u00e1xima autoridad de esta Cartera de Estado manifest\u00f3 \u201c\u2026<em>No hay palabras para medir lo que es la violencia sexual en el Ecuador, en el a\u00f1o 2020 se registran 3157 ni\u00f1as entre 10 y 14 a\u00f1os que fueron madres; existe tambi\u00e9n una preocupante situaci\u00f3n en cuanto a la desnutrici\u00f3n: 7 de cada 10 ni\u00f1as tienen problemas de anemia\u2026\u201d<\/em>.<\/p>\n\n\n\n<p class=\"wp-block-paragraph\">Por otro lado, Bernarda Ord\u00f3\u00f1ez Moscoso se\u00f1al\u00f3 que no podemos hablar de una reactivaci\u00f3n econ\u00f3mica si es que no se garantiza que las ni\u00f1as y ni\u00f1os tengan un cuidado seguro como parte de los derechos b\u00e1sicos, y en el marco de la corresponsabilidad social del cuidado, tanto desde el sector p\u00fablica, pero tambi\u00e9n del privado y comunitario.<\/p>\n\n\n\n<p class=\"wp-block-paragraph\">Durante la reuni\u00f3n, Jean Gough, manifest\u00f3 que la pandemia cambi\u00f3 al mundo y que Latinoam\u00e9rica es la regi\u00f3n m\u00e1s afectada, sin embargo, felicit\u00f3 las decisiones que se han tomado para la infancia en el Ecuador, destacando el trabajo por la desnutrici\u00f3n cr\u00f3nica, tambi\u00e9n se\u00f1al\u00f3 \u201cotra decisi\u00f3n acertada es el retorno a las clases presenciales porque es fundamental para los ni\u00f1os relacionarse socialmente, y para ello necesitan del contacto con sus maestros y en las escuelas\u201d.<\/p>\n\n\n\n<p class=\"wp-block-paragraph\">En esta sesi\u00f3n de coordinaci\u00f3n interinstitucional participaron los titulares del Ministerio de Inclusi\u00f3n Econ\u00f3mica y Social, Ministerio de Educaci\u00f3n, Ministerio de Salud P\u00fablica, Secretar\u00eda Derechos Humanos, Ministerio del Deporte, Direcci\u00f3n General del Registro Civil, Identificaci\u00f3n y Cedulaci\u00f3n, y del Consejo Nacional para la Igualdad Intergeneracional.<\/p>\n","protected":false},"excerpt":{"rendered":"<p class=\"excerpt\">Quito, Ecuador. &#8211; La Secretaria de Derechos Humanos, Bernarda Ord\u00f3\u00f1ez Moscoso, junto al Gabinete Sectorial Social, particip\u00f3 en la visita oficial de la Sra. Jean Gough, Directora Regional para Am\u00e9rica Latina y el Caribe de UNICEF. En esta reuni\u00f3n las autoridades dieron a conocer los avances en cuanto a las pol\u00edticas de infancia en el marco de la Convenci\u00f3n de&hellip; <a href=\"https:\/\/www.ministeriodegobierno.gob.ec\/derechoshumanos\/2021\/08\/23\/presentacion-de-proyectos-institucionales-a-la-directora-regional-para-america-latina-y-el-caribe-de-unicef\/\">Read more &rarr;<\/a><\/p>\n","protected":false},"author":6,"featured_media":10125,"comment_status":"closed","ping_status":"closed","sticky":false,"template":"","format":"standard","meta":{"footnotes":""},"categories":[20,5,6],"tags":[],"class_list":["post-10124","post","type-post","status-publish","format-standard","has-post-thumbnail","hentry","category-boletin-de-prensa","category-noticias","category-noticias-destacadas","xfolkentry"],"_links":{"self":[{"href":"https:\/\/www.ministeriodegobierno.gob.ec\/derechoshumanos\/wp-json\/wp\/v2\/posts\/10124","targetHints":{"allow":["GET"]}}],"collection":[{"href":"https:\/\/www.ministeriodegobierno.gob.ec\/derechoshumanos\/wp-json\/wp\/v2\/posts"}],"about":[{"href":"https:\/\/www.ministeriodegobierno.gob.ec\/derechoshumanos\/wp-json\/wp\/v2\/types\/post"}],"author":[{"embeddable":true,"href":"https:\/\/www.ministeriodegobierno.gob.ec\/derechoshumanos\/wp-json\/wp\/v2\/users\/6"}],"replies":[{"embeddable":true,"href":"https:\/\/www.ministeriodegobierno.gob.ec\/derechoshumanos\/wp-json\/wp\/v2\/comments?post=10124"}],"version-history":[{"count":1,"href":"https:\/\/www.ministeriodegobierno.gob.ec\/derechoshumanos\/wp-json\/wp\/v2\/posts\/10124\/revisions"}],"predecessor-version":[{"id":10126,"href":"https:\/\/www.ministeriodegobierno.gob.ec\/derechoshumanos\/wp-json\/wp\/v2\/posts\/10124\/revisions\/10126"}],"wp:featuredmedia":[{"embeddable":true,"href":"https:\/\/www.ministeriodegobierno.gob.ec\/derechoshumanos\/wp-json\/wp\/v2\/media\/10125"}],"wp:attachment":[{"href":"https:\/\/www.ministeriodegobierno.gob.ec\/derechoshumanos\/wp-json\/wp\/v2\/media?parent=10124"}],"wp:term":[{"taxonomy":"category","embeddable":true,"href":"https:\/\/www.ministeriodegobierno.gob.ec\/derechoshumanos\/wp-json\/wp\/v2\/categories?post=10124"},{"taxonomy":"post_tag","embeddable":true,"href":"https:\/\/www.ministeriodegobierno.gob.ec\/derechoshumanos\/wp-json\/wp\/v2\/tags?post=10124"}],"curies":[{"name":"wp","href":"https:\/\/api.w.org\/{rel}","templated":true}]}}