{"id":10134,"date":"2021-08-26T10:22:59","date_gmt":"2021-08-26T15:22:59","guid":{"rendered":"https:\/\/www.derechoshumanos.gob.ec\/?p=10134"},"modified":"2021-08-26T10:22:59","modified_gmt":"2021-08-26T15:22:59","slug":"la-secretaria-de-derechos-humanos-capacita-a-servidores-de-la-fiscalia-general-del-estado","status":"publish","type":"post","link":"https:\/\/www.ministeriodegobierno.gob.ec\/derechoshumanos\/2021\/08\/26\/la-secretaria-de-derechos-humanos-capacita-a-servidores-de-la-fiscalia-general-del-estado\/","title":{"rendered":"La Secretar\u00eda de Derechos Humanos  capacita a servidores de la Fiscal\u00eda General del Estado"},"content":{"rendered":"\n<p class=\"wp-block-paragraph\"><\/p>\n\n\n\n<p class=\"wp-block-paragraph\"><strong>Quito, Ecuador.-<\/strong> La Secretar\u00eda de Derechos Humanos, como ente rector en materia de pol\u00edtica p\u00fablica de derechos humanos, es competente para coordinar y dar seguimiento a las obligaciones internacionales derivadas de los sistema internacionales de Derechos Humanos.<\/p>\n\n\n\n<p class=\"wp-block-paragraph\">En este marco, dentro del cumplimiento de las recomendaciones contenidas en informes de fondo y medidas de reparaci\u00f3n dictadas en la Sentencia de la Corte Interamericana de Derechos Humanos, se dispone se capacite continuamente a instituciones.<\/p>\n\n\n\n<p class=\"wp-block-paragraph\">En esta ocasi\u00f3n se coordin\u00f3 con la Fiscal\u00eda General del Estado (FGE) realizar el \u201c<em>Curso de Derechos Humanos y la actuaci\u00f3n de los servidores de la FGE como agentes del Estado\u00bb,<\/em>\u00a0 como una medida de reparaci\u00f3n y garant\u00eda de no repetici\u00f3n.<\/p>\n\n\n\n<p class=\"wp-block-paragraph\">En este proceso educativo se capacitar\u00e1 aproximadamente a cien funcionarios, entre agentes fiscales, secretarios y asistentes fiscales, con la finalidad de proporcionar conocimientos y herramientas sobre derechos humanos y administraci\u00f3n de justicia en el cumplimiento de su rol de agentes del Estado a cargo de la investigaci\u00f3n penal.<\/p>\n\n\n\n<p class=\"wp-block-paragraph\">Este taller se desarrollar\u00e1 de manera virtual, a trav\u00e9s de la Plataforma Moodle de la Fiscal\u00eda General del Estado, desde el 24 de agosto al 5 de octubre de 2021, con una duraci\u00f3n de 40 horas acad\u00e9micas, comprendidas en 14 m\u00f3dulos. Para obtener la certificaci\u00f3n de aprobaci\u00f3n, las personas cursantes deber\u00e1n obtener un puntaje promedio de 7\/10.<\/p>\n\n\n\n<p class=\"wp-block-paragraph\">El Gobierno del Encuentro, ratifica su compromiso de capacitar a los servidores p\u00fablicos en coordinaci\u00f3n con las instituciones estatales que deben cumplir con las obligaciones internacionales en derechos humanos.<\/p>\n\n\n\n<p class=\"wp-block-paragraph\">\u00a1Juntos lo logramos! Por el respeto de los derechos de todas las personas a la seguridad jur\u00eddica.<\/p>\n","protected":false},"excerpt":{"rendered":"<p class=\"excerpt\">Quito, Ecuador.- La Secretar\u00eda de Derechos Humanos, como ente rector en materia de pol\u00edtica p\u00fablica de derechos humanos, es competente para coordinar y dar seguimiento a las obligaciones internacionales derivadas de los sistema internacionales de Derechos Humanos. En este marco, dentro del cumplimiento de las recomendaciones contenidas en informes de fondo y medidas de reparaci\u00f3n dictadas en la Sentencia de&hellip; <a href=\"https:\/\/www.ministeriodegobierno.gob.ec\/derechoshumanos\/2021\/08\/26\/la-secretaria-de-derechos-humanos-capacita-a-servidores-de-la-fiscalia-general-del-estado\/\">Read more &rarr;<\/a><\/p>\n","protected":false},"author":6,"featured_media":9958,"comment_status":"closed","ping_status":"closed","sticky":false,"template":"","format":"standard","meta":{"footnotes":""},"categories":[20,5,6],"tags":[],"class_list":["post-10134","post","type-post","status-publish","format-standard","has-post-thumbnail","hentry","category-boletin-de-prensa","category-noticias","category-noticias-destacadas","xfolkentry"],"_links":{"self":[{"href":"https:\/\/www.ministeriodegobierno.gob.ec\/derechoshumanos\/wp-json\/wp\/v2\/posts\/10134","targetHints":{"allow":["GET"]}}],"collection":[{"href":"https:\/\/www.ministeriodegobierno.gob.ec\/derechoshumanos\/wp-json\/wp\/v2\/posts"}],"about":[{"href":"https:\/\/www.ministeriodegobierno.gob.ec\/derechoshumanos\/wp-json\/wp\/v2\/types\/post"}],"author":[{"embeddable":true,"href":"https:\/\/www.ministeriodegobierno.gob.ec\/derechoshumanos\/wp-json\/wp\/v2\/users\/6"}],"replies":[{"embeddable":true,"href":"https:\/\/www.ministeriodegobierno.gob.ec\/derechoshumanos\/wp-json\/wp\/v2\/comments?post=10134"}],"version-history":[{"count":1,"href":"https:\/\/www.ministeriodegobierno.gob.ec\/derechoshumanos\/wp-json\/wp\/v2\/posts\/10134\/revisions"}],"predecessor-version":[{"id":10135,"href":"https:\/\/www.ministeriodegobierno.gob.ec\/derechoshumanos\/wp-json\/wp\/v2\/posts\/10134\/revisions\/10135"}],"wp:featuredmedia":[{"embeddable":true,"href":"https:\/\/www.ministeriodegobierno.gob.ec\/derechoshumanos\/wp-json\/wp\/v2\/media\/9958"}],"wp:attachment":[{"href":"https:\/\/www.ministeriodegobierno.gob.ec\/derechoshumanos\/wp-json\/wp\/v2\/media?parent=10134"}],"wp:term":[{"taxonomy":"category","embeddable":true,"href":"https:\/\/www.ministeriodegobierno.gob.ec\/derechoshumanos\/wp-json\/wp\/v2\/categories?post=10134"},{"taxonomy":"post_tag","embeddable":true,"href":"https:\/\/www.ministeriodegobierno.gob.ec\/derechoshumanos\/wp-json\/wp\/v2\/tags?post=10134"}],"curies":[{"name":"wp","href":"https:\/\/api.w.org\/{rel}","templated":true}]}}