{"id":10137,"date":"2021-08-30T14:58:15","date_gmt":"2021-08-30T19:58:15","guid":{"rendered":"https:\/\/www.derechoshumanos.gob.ec\/?p=10137"},"modified":"2021-08-30T14:58:16","modified_gmt":"2021-08-30T19:58:16","slug":"funcionarios-de-la-zona-7-participaron-en-taller-de-trabajo-institucional-denominado-modelo-de-atencion-2021","status":"publish","type":"post","link":"https:\/\/www.ministeriodegobierno.gob.ec\/derechoshumanos\/2021\/08\/30\/funcionarios-de-la-zona-7-participaron-en-taller-de-trabajo-institucional-denominado-modelo-de-atencion-2021\/","title":{"rendered":"FUNCIONARIOS DE LA ZONA 7 PARTICIPARON EN TALLER DE TRABAJO INSTITUCIONAL DENOMINADO \u00abMODELO DE ATENCI\u00d3N 2021\u00bb"},"content":{"rendered":"\n<p class=\"wp-block-paragraph\"><\/p>\n\n\n\n<p class=\"wp-block-paragraph\">Loja, Ecuador.-&nbsp; La Secretar\u00eda de Derechos Humanos (SDH) a trav\u00e9s de la Oficina T\u00e9cnica Zona 7, realiz\u00f3 el taller de trabajo denominado \u00abModelo de Atenci\u00f3n 2021\u00bb, &nbsp;mismo que tiene como objetivo conocer, verificar y analizar el trabajo que se realiza como Servicio de Protecci\u00f3n Integral, adem\u00e1s de aportar ideas y establecer acuerdos y compromisos que permitan brindar servicios de manera eficiente y cumplir con el modelo de atenci\u00f3n y directrices institucionales.<\/p>\n\n\n\n<p class=\"wp-block-paragraph\">En el marco de un trabajo articulado, oportuno, integral y especializado, profesionales en Trabajo Social, Psicolog\u00eda Cl\u00ednica y Derecho de los Servicios de Protecci\u00f3n Integral de Calvas, Loja, Pi\u00f1as, Portovelo, Zamora y Machala, participaron activamente de esta actividad.<\/p>\n\n\n\n<p class=\"wp-block-paragraph\">Dentro de las tem\u00e1ticas abordadas est\u00e1n las siguientes: Socializaci\u00f3n del Estatuto de gesti\u00f3n Organizacional por Procesos de la SDH; Modelo de Atenci\u00f3n del Servicio de Protecci\u00f3n (SPI); Atenci\u00f3n Psicol\u00f3gica; Informes t\u00e9cnicos psicol\u00f3gicos; Atenci\u00f3n de Trabajo Social; Informes de trabajo social; Atenci\u00f3n Legal; Solicitud de MAPI; Comparecencia judicial; Derivaci\u00f3n legal; Env\u00edo de informes t\u00e9cnicos a las autoridades competentes; Derivaci\u00f3n psicol\u00f3gica y social; Mesas interinstitucionales; e Informes de gesti\u00f3n mensual.<\/p>\n\n\n\n<p class=\"wp-block-paragraph\">\u201cEst\u00e1 reuni\u00f3n ha sido fruct\u00edfera porque se planific\u00f3 y unific\u00f3 criterios para el trabajo de los SPI de la Zona 7 en las \u00e1reas psicol\u00f3gica, social y legal, de acuerdo al Modelo de Atenci\u00f3n del Servicio de Protecci\u00f3n Integral (SPI) vigente.\u201d mencion\u00f3 Rosa Castillo Guam\u00e1n,&nbsp; responsable de la Oficina T\u00e9cnica&nbsp; 7 (E).<\/p>\n\n\n\n<p class=\"wp-block-paragraph\">La Secretar\u00eda de Derechos Humanos, por medio de los Servicios de Protecci\u00f3n Integral, ubicados en 45 oficinas a escala nacional, brinda atenci\u00f3n oportuna e integral a ni\u00f1as, ni\u00f1os, adolescentes, mujeres, personas de la tercera edad y con discapacidad, sobrevivientes de violencia.<\/p>\n","protected":false},"excerpt":{"rendered":"<p class=\"excerpt\">Loja, Ecuador.-&nbsp; La Secretar\u00eda de Derechos Humanos (SDH) a trav\u00e9s de la Oficina T\u00e9cnica Zona 7, realiz\u00f3 el taller de trabajo denominado \u00abModelo de Atenci\u00f3n 2021\u00bb, &nbsp;mismo que tiene como objetivo conocer, verificar y analizar el trabajo que se realiza como Servicio de Protecci\u00f3n Integral, adem\u00e1s de aportar ideas y establecer acuerdos y compromisos que permitan brindar servicios de manera&hellip; <a href=\"https:\/\/www.ministeriodegobierno.gob.ec\/derechoshumanos\/2021\/08\/30\/funcionarios-de-la-zona-7-participaron-en-taller-de-trabajo-institucional-denominado-modelo-de-atencion-2021\/\">Read more &rarr;<\/a><\/p>\n","protected":false},"author":6,"featured_media":10138,"comment_status":"closed","ping_status":"closed","sticky":false,"template":"","format":"standard","meta":{"footnotes":""},"categories":[20,5,6],"tags":[],"class_list":["post-10137","post","type-post","status-publish","format-standard","has-post-thumbnail","hentry","category-boletin-de-prensa","category-noticias","category-noticias-destacadas","xfolkentry"],"_links":{"self":[{"href":"https:\/\/www.ministeriodegobierno.gob.ec\/derechoshumanos\/wp-json\/wp\/v2\/posts\/10137","targetHints":{"allow":["GET"]}}],"collection":[{"href":"https:\/\/www.ministeriodegobierno.gob.ec\/derechoshumanos\/wp-json\/wp\/v2\/posts"}],"about":[{"href":"https:\/\/www.ministeriodegobierno.gob.ec\/derechoshumanos\/wp-json\/wp\/v2\/types\/post"}],"author":[{"embeddable":true,"href":"https:\/\/www.ministeriodegobierno.gob.ec\/derechoshumanos\/wp-json\/wp\/v2\/users\/6"}],"replies":[{"embeddable":true,"href":"https:\/\/www.ministeriodegobierno.gob.ec\/derechoshumanos\/wp-json\/wp\/v2\/comments?post=10137"}],"version-history":[{"count":1,"href":"https:\/\/www.ministeriodegobierno.gob.ec\/derechoshumanos\/wp-json\/wp\/v2\/posts\/10137\/revisions"}],"predecessor-version":[{"id":10139,"href":"https:\/\/www.ministeriodegobierno.gob.ec\/derechoshumanos\/wp-json\/wp\/v2\/posts\/10137\/revisions\/10139"}],"wp:featuredmedia":[{"embeddable":true,"href":"https:\/\/www.ministeriodegobierno.gob.ec\/derechoshumanos\/wp-json\/wp\/v2\/media\/10138"}],"wp:attachment":[{"href":"https:\/\/www.ministeriodegobierno.gob.ec\/derechoshumanos\/wp-json\/wp\/v2\/media?parent=10137"}],"wp:term":[{"taxonomy":"category","embeddable":true,"href":"https:\/\/www.ministeriodegobierno.gob.ec\/derechoshumanos\/wp-json\/wp\/v2\/categories?post=10137"},{"taxonomy":"post_tag","embeddable":true,"href":"https:\/\/www.ministeriodegobierno.gob.ec\/derechoshumanos\/wp-json\/wp\/v2\/tags?post=10137"}],"curies":[{"name":"wp","href":"https:\/\/api.w.org\/{rel}","templated":true}]}}