{"id":10144,"date":"2021-08-31T09:53:00","date_gmt":"2021-08-31T14:53:00","guid":{"rendered":"https:\/\/www.derechoshumanos.gob.ec\/?p=10144"},"modified":"2021-09-03T11:54:34","modified_gmt":"2021-09-03T16:54:34","slug":"secretaria-de-derechos-humanos-realiza-talleres-denominados-barrios-libres-de-violencia","status":"publish","type":"post","link":"https:\/\/www.ministeriodegobierno.gob.ec\/derechoshumanos\/2021\/08\/31\/secretaria-de-derechos-humanos-realiza-talleres-denominados-barrios-libres-de-violencia\/","title":{"rendered":"Secretar\u00eda de Derechos Humanos realiza talleres denominados \u201cBarrios Libres de Violencia\u201d"},"content":{"rendered":"\n<p class=\"wp-block-paragraph\"><strong>Babahoyo.- <\/strong>La Secretar\u00eda de Derechos Humanos, por medio de los Servicios de Protecci\u00f3n Integral de la Zona 5,<strong> <\/strong>en articulaci\u00f3n con Juntas Cantonales de Protecci\u00f3n de Derechos, Polic\u00eda Nacional y Tenencias Pol\u00edticas, desarrollan en las zonas rurales talleres denominados \u201cBarrios Libres de Violencia\u201d, en los cuales se trata las rutas para la Obtenci\u00f3n de Medidas Administrativas de Protecci\u00f3n, Nuevas Masculinidades, Parentalidad Positiva, entre otros temas enfocados en las competencias institucionales.<\/p>\n\n\n\n<p class=\"wp-block-paragraph\">El objetivo principal de estos talleres es sensibilizar a la ciudadan\u00eda, sobre la violencia contra las mujeres y dotar de herramientas para prevenirla, adem\u00e1s de dar a conocer el tipo de atenci\u00f3n multidisciplinaria que brindan los Servicios de Protecci\u00f3n Integral.<\/p>\n\n\n\n<p class=\"wp-block-paragraph\">Tambi\u00e9n se da a conocer el proceso para la obtenci\u00f3n de medidas administrativas en las zonas rurales y la articulaci\u00f3n que se realiza con las dem\u00e1s instituciones de los Sistemas Locales de Protecci\u00f3n de Derechos para restituir los derechos vulnerados.<\/p>\n\n\n\n<p class=\"wp-block-paragraph\">Durante la semana del 16 al 20 de agosto se realizaron los talleres de forma presencial en los cantones de Urdaneta, Puebloviejo, Babahoyo, Montalvo, Baba, Vinces, Isidro Ayora y Santa Elena.<\/p>\n\n\n\n<p class=\"wp-block-paragraph\">Los asistentes participaron de forma activa en todas las actividades y se\u00f1alaron que estos talleres ayudan a conocer temas importantes y crear redes de apoyo entre los habitantes de la comunidad para construir barrios libres de violencia.<\/p>\n\n\n\n<p class=\"wp-block-paragraph\">Al respecto, la coordinadora de la Oficina T\u00e9cnica 5, Alexandra S\u00e1nchez manifest\u00f3: \u201cEste tipo de eventos en territorio son un mecanismo de acercamiento de las pol\u00edticas p\u00fablicas a la ciudadan\u00eda, principalmente a las mujeres que desconocen sus derechos y por el desconocimiento muchas veces se ven sometidas a tratos crueles y violentos que se naturalizan con el tiempo y pueden desencadenar en desenlaces fatales. Una mujer informada es una mujer con poder de decisi\u00f3n\u201d.<\/p>\n","protected":false},"excerpt":{"rendered":"<p class=\"excerpt\">Babahoyo.- La Secretar\u00eda de Derechos Humanos, por medio de los Servicios de Protecci\u00f3n Integral de la Zona 5, en articulaci\u00f3n con Juntas Cantonales de Protecci\u00f3n de Derechos, Polic\u00eda Nacional y Tenencias Pol\u00edticas, desarrollan en las zonas rurales talleres denominados \u201cBarrios Libres de Violencia\u201d, en los cuales se trata las rutas para la Obtenci\u00f3n de Medidas Administrativas de Protecci\u00f3n, Nuevas Masculinidades,&hellip; <a href=\"https:\/\/www.ministeriodegobierno.gob.ec\/derechoshumanos\/2021\/08\/31\/secretaria-de-derechos-humanos-realiza-talleres-denominados-barrios-libres-de-violencia\/\">Read more &rarr;<\/a><\/p>\n","protected":false},"author":6,"featured_media":10145,"comment_status":"closed","ping_status":"closed","sticky":false,"template":"","format":"standard","meta":{"footnotes":""},"categories":[20,5,6],"tags":[],"class_list":["post-10144","post","type-post","status-publish","format-standard","has-post-thumbnail","hentry","category-boletin-de-prensa","category-noticias","category-noticias-destacadas","xfolkentry"],"_links":{"self":[{"href":"https:\/\/www.ministeriodegobierno.gob.ec\/derechoshumanos\/wp-json\/wp\/v2\/posts\/10144","targetHints":{"allow":["GET"]}}],"collection":[{"href":"https:\/\/www.ministeriodegobierno.gob.ec\/derechoshumanos\/wp-json\/wp\/v2\/posts"}],"about":[{"href":"https:\/\/www.ministeriodegobierno.gob.ec\/derechoshumanos\/wp-json\/wp\/v2\/types\/post"}],"author":[{"embeddable":true,"href":"https:\/\/www.ministeriodegobierno.gob.ec\/derechoshumanos\/wp-json\/wp\/v2\/users\/6"}],"replies":[{"embeddable":true,"href":"https:\/\/www.ministeriodegobierno.gob.ec\/derechoshumanos\/wp-json\/wp\/v2\/comments?post=10144"}],"version-history":[{"count":1,"href":"https:\/\/www.ministeriodegobierno.gob.ec\/derechoshumanos\/wp-json\/wp\/v2\/posts\/10144\/revisions"}],"predecessor-version":[{"id":10146,"href":"https:\/\/www.ministeriodegobierno.gob.ec\/derechoshumanos\/wp-json\/wp\/v2\/posts\/10144\/revisions\/10146"}],"wp:featuredmedia":[{"embeddable":true,"href":"https:\/\/www.ministeriodegobierno.gob.ec\/derechoshumanos\/wp-json\/wp\/v2\/media\/10145"}],"wp:attachment":[{"href":"https:\/\/www.ministeriodegobierno.gob.ec\/derechoshumanos\/wp-json\/wp\/v2\/media?parent=10144"}],"wp:term":[{"taxonomy":"category","embeddable":true,"href":"https:\/\/www.ministeriodegobierno.gob.ec\/derechoshumanos\/wp-json\/wp\/v2\/categories?post=10144"},{"taxonomy":"post_tag","embeddable":true,"href":"https:\/\/www.ministeriodegobierno.gob.ec\/derechoshumanos\/wp-json\/wp\/v2\/tags?post=10144"}],"curies":[{"name":"wp","href":"https:\/\/api.w.org\/{rel}","templated":true}]}}