{"id":10147,"date":"2021-08-31T12:09:00","date_gmt":"2021-08-31T17:09:00","guid":{"rendered":"https:\/\/www.derechoshumanos.gob.ec\/?p=10147"},"modified":"2021-09-03T12:10:20","modified_gmt":"2021-09-03T17:10:20","slug":"la-secretaria-de-derechos-humanos-visito-medios-comunitarios-a-fin-de-reforzar-el-derecho-a-la-comunicacion-intercultural","status":"publish","type":"post","link":"https:\/\/www.ministeriodegobierno.gob.ec\/derechoshumanos\/2021\/08\/31\/la-secretaria-de-derechos-humanos-visito-medios-comunitarios-a-fin-de-reforzar-el-derecho-a-la-comunicacion-intercultural\/","title":{"rendered":"LA SECRETAR\u00cdA DE DERECHOS HUMANOS VISIT\u00d3 MEDIOS COMUNITARIOS A FIN DE REFORZAR EL DERECHO A LA COMUNICACI\u00d3N INTERCULTURAL"},"content":{"rendered":"\n<p class=\"wp-block-paragraph\"><\/p>\n\n\n\n<p class=\"wp-block-paragraph\">La Secretar\u00eda de Derechos Humanos con el objetivo de fortalecer el derecho a la comunicaci\u00f3n intercultural como pol\u00edtica p\u00fablica, a trav\u00e9s de la Subsecretar\u00eda de Nacionalidades, Pueblos y Movimientos Sociales y en el marco del Proyecto Creaci\u00f3n de Redes de Medios Comunitarios, P\u00fablicos y Privados Locales, visit\u00f3 las radios comunitarias de las Nacionalidades y Pueblos del Ecuador.<\/p>\n\n\n\n<p class=\"wp-block-paragraph\">Carmen Tene, Gerente del Proyecto Redes, visit\u00f3 las radios comunitarias de las Nacionalidades Epera, Chachi y Ts\u00e1chila, con el objetivo de conocer sus avances y desaf\u00edos, a fin de lograr su sostenibilidad ya que son primordiales para la sociedad porque apoyan en la difusi\u00f3n de su identidad a trav\u00e9s de la oralidad, informaci\u00f3n de sus costumbres, conocimientos, saberes y lengua.<\/p>\n\n\n\n<p class=\"wp-block-paragraph\">En Borb\u00f3n, se visit\u00f3 la radio Stereo Siapiadaara (90.7 FM) de la nacionalidad Epera, misma que impulsa su identidad cultural y est\u00e1 ubicada en Borb\u00f3n en la provincia de Esmeraldas, su cobertura alcanza los cantones de San Lorenzo y Eloy Alfaro; uno de los principales aportes es su programaci\u00f3n variada y la difusi\u00f3n de los mismos en su lengua siapadee y el espa\u00f1ol.<\/p>\n\n\n\n<p class=\"wp-block-paragraph\">Adem\u00e1s, recorri\u00f3 la radio comunitaria 89.5 FM de la nacionalidad Chachi en la provincia de Esmeraldas; su cobertura alcanza los cantones de R\u00edo verde, Atacames y Esmeraldas. Esta radio ha procurado transmitir una programaci\u00f3n inclusiva, diversa, educativa en espa\u00f1ol a trav\u00e9s de su lengua Ch\u00e1 palaa, fomentando las tradiciones y costumbres ancestrales de la nacionalidad y el pueblo afroecuatoriano.<\/p>\n\n\n\n<p class=\"wp-block-paragraph\">En Santo Domingo de los Ts\u00e1chilas, visit\u00f3 la radio Sonba Pamin (102.5 FM), que tiene cobertura en los cantones de Quininde, La Concordia, El Carmen, San Miguel De Los Bancos, Pedro Vicente Maldonado y Puerto Quito, su programaci\u00f3n tiene gran acogida dentro de sus oyentes debido a la originalidad de sus programas y la importancia que le dan a los saberes y conocimientos sobre medicina y costumbres ancestrales, los mismos que son difundidos en su propia lengua Tsafiki.<\/p>\n\n\n\n<p class=\"wp-block-paragraph\">Se finaliz\u00f3 la ruta en la Amazon\u00eda, donde visit\u00f3 la radio comunitaria Tsanda Jenfa 90.9 FM de la nacionalidad A\u00b4I Kofan del Ecuador, cuya cobertura abarca el cant\u00f3n Lago Agrio en Sucumb\u00edos; su programaci\u00f3n es diversa, din\u00e1mica y fomentan su identidad mediante la difusi\u00f3n de sus costumbres y sabidur\u00eda en la lengua A\u2019ingae.<\/p>\n\n\n\n<p class=\"wp-block-paragraph\">Tambi\u00e9n recorri\u00f3 la radio comunitaria \u00d1ukanchi Muscuy 92.3 FM de la organizaci\u00f3n de Comunidades Kichwa de Loreto OKIL, con cobertura en el cant\u00f3n Loreto en Orellana, tiene gran audiencia ya que dentro de su programaci\u00f3n incluyen temas variados como la agroindustria, la medicina ancestral y la revalorizaci\u00f3n de su identidad y su lengua el Kichwa.<\/p>\n\n\n\n<p class=\"wp-block-paragraph\">Las radios comunitarias son una v\u00eda de comunicaci\u00f3n indispensable, ya que en el tiempo de&nbsp; pandemia se difundi\u00f3 desde esta cartera de Estado mensajes de prevenci\u00f3n, cumplimiento de las medidas de bioseguridad e informaci\u00f3n de la vacunaci\u00f3n contra la COVID-19 en sus distintas lenguas, logrando sensibilizar a las comunidades m\u00e1s lejanas.<\/p>\n\n\n\n<p class=\"wp-block-paragraph\">La Secretar\u00eda de Derechos Humanos a trav\u00e9s del \u201cProyecto Creaci\u00f3n de Medios Comunitarios, P\u00fablicos y Privados Locales\u201d fortalece el Estado plurinacional y el ejercicio del derecho a la comunicaci\u00f3n intercultural de acuerdo al cumplimiento constitucional.<\/p>\n","protected":false},"excerpt":{"rendered":"<p class=\"excerpt\">La Secretar\u00eda de Derechos Humanos con el objetivo de fortalecer el derecho a la comunicaci\u00f3n intercultural como pol\u00edtica p\u00fablica, a trav\u00e9s de la Subsecretar\u00eda de Nacionalidades, Pueblos y Movimientos Sociales y en el marco del Proyecto Creaci\u00f3n de Redes de Medios Comunitarios, P\u00fablicos y Privados Locales, visit\u00f3 las radios comunitarias de las Nacionalidades y Pueblos del Ecuador. Carmen Tene, Gerente&hellip; <a href=\"https:\/\/www.ministeriodegobierno.gob.ec\/derechoshumanos\/2021\/08\/31\/la-secretaria-de-derechos-humanos-visito-medios-comunitarios-a-fin-de-reforzar-el-derecho-a-la-comunicacion-intercultural\/\">Read more &rarr;<\/a><\/p>\n","protected":false},"author":6,"featured_media":10148,"comment_status":"closed","ping_status":"closed","sticky":false,"template":"","format":"standard","meta":{"footnotes":""},"categories":[20,5,6],"tags":[],"class_list":["post-10147","post","type-post","status-publish","format-standard","has-post-thumbnail","hentry","category-boletin-de-prensa","category-noticias","category-noticias-destacadas","xfolkentry"],"_links":{"self":[{"href":"https:\/\/www.ministeriodegobierno.gob.ec\/derechoshumanos\/wp-json\/wp\/v2\/posts\/10147","targetHints":{"allow":["GET"]}}],"collection":[{"href":"https:\/\/www.ministeriodegobierno.gob.ec\/derechoshumanos\/wp-json\/wp\/v2\/posts"}],"about":[{"href":"https:\/\/www.ministeriodegobierno.gob.ec\/derechoshumanos\/wp-json\/wp\/v2\/types\/post"}],"author":[{"embeddable":true,"href":"https:\/\/www.ministeriodegobierno.gob.ec\/derechoshumanos\/wp-json\/wp\/v2\/users\/6"}],"replies":[{"embeddable":true,"href":"https:\/\/www.ministeriodegobierno.gob.ec\/derechoshumanos\/wp-json\/wp\/v2\/comments?post=10147"}],"version-history":[{"count":1,"href":"https:\/\/www.ministeriodegobierno.gob.ec\/derechoshumanos\/wp-json\/wp\/v2\/posts\/10147\/revisions"}],"predecessor-version":[{"id":10149,"href":"https:\/\/www.ministeriodegobierno.gob.ec\/derechoshumanos\/wp-json\/wp\/v2\/posts\/10147\/revisions\/10149"}],"wp:featuredmedia":[{"embeddable":true,"href":"https:\/\/www.ministeriodegobierno.gob.ec\/derechoshumanos\/wp-json\/wp\/v2\/media\/10148"}],"wp:attachment":[{"href":"https:\/\/www.ministeriodegobierno.gob.ec\/derechoshumanos\/wp-json\/wp\/v2\/media?parent=10147"}],"wp:term":[{"taxonomy":"category","embeddable":true,"href":"https:\/\/www.ministeriodegobierno.gob.ec\/derechoshumanos\/wp-json\/wp\/v2\/categories?post=10147"},{"taxonomy":"post_tag","embeddable":true,"href":"https:\/\/www.ministeriodegobierno.gob.ec\/derechoshumanos\/wp-json\/wp\/v2\/tags?post=10147"}],"curies":[{"name":"wp","href":"https:\/\/api.w.org\/{rel}","templated":true}]}}