{"id":10151,"date":"2021-08-31T15:40:00","date_gmt":"2021-08-31T20:40:00","guid":{"rendered":"https:\/\/www.derechoshumanos.gob.ec\/?p=10151"},"modified":"2021-09-03T15:43:50","modified_gmt":"2021-09-03T20:43:50","slug":"100-dias-de-trabajo-comprometido-por-los-derechos-humanos-de-ninas-ninos-adolescentes-y-mujeres-en-el-ecuador","status":"publish","type":"post","link":"https:\/\/www.ministeriodegobierno.gob.ec\/derechoshumanos\/2021\/08\/31\/100-dias-de-trabajo-comprometido-por-los-derechos-humanos-de-ninas-ninos-adolescentes-y-mujeres-en-el-ecuador\/","title":{"rendered":"100 D\u00cdAS DE TRABAJO COMPROMETIDO POR LOS DERECHOS HUMANOS DE NI\u00d1AS, NI\u00d1OS, ADOLESCENTES Y MUJERES EN EL ECUADOR"},"content":{"rendered":"\n<p class=\"wp-block-paragraph\"><\/p>\n\n\n\n<p class=\"wp-block-paragraph\"><strong>Quito, Ecuador. \u2013<\/strong> El 25 de mayo de 2021, la Ab. Bernarda Ord\u00f3\u00f1ez Moscoso fue designada por el Presidente de la Rep\u00fablica, Guillermo Lasso, como titular de la Secretar\u00eda de Derechos Humanos; cargo que lo asumi\u00f3 con total responsabilidad por la garant\u00eda de los derechos humanos de ni\u00f1as, ni\u00f1os, adolescentes y mujeres en el Ecuador.<\/p>\n\n\n\n<p class=\"wp-block-paragraph\">Durante este tiempo, la instituci\u00f3n ha conseguido logros importantes mediante el trabajo articulado por alcanzar la meta de Femicidio Cero; marcar un hito hist\u00f3rico en la regi\u00f3n con la vacunaci\u00f3n a la nacionalidad Waorani en la Zona Intangible Tagaeri- Taromenane que se encuentra&nbsp; en el&nbsp; Yasun\u00ed; y al unirse a 62 pa\u00edses en el mundo con la creaci\u00f3n de la Subsecretar\u00eda de Diversidades, por medio de la cual, se trabaja en la implementaci\u00f3n de la primera pol\u00edtica p\u00fablica de erradicaci\u00f3n de todo tipo de violencia contra las personas LGBTI+.<\/p>\n\n\n\n<p class=\"wp-block-paragraph\">En materia de prevenci\u00f3n y erradicaci\u00f3n de la violencia contra las mujeres varias han sido las acciones realizadas, entre las que se destaca el diagn\u00f3stico al Sistema Nacional para Prevenir y Erradicar la Violencia contra las Mujeres, para evaluar las acciones, establecer nudos cr\u00edticos y hacer recomendaciones; la visita de la Alta Comisionada de ONU Mujeres, Anita Bathia, para coordinar una&nbsp; hoja de ruta de prevenci\u00f3n de violencia; empoderamiento econ\u00f3mico y autonom\u00eda financiera a fin de poner en marcha la estrategia de inclusi\u00f3n econ\u00f3mica para las mujeres mediante el &nbsp;\u201cPrograma Econom\u00eda Violeta\u201d; el plan de atenci\u00f3n en \u201cCentros Violeta\u201d, que constituyen espacios de atenci\u00f3n integral que brindar\u00e1n servicios especializados a sobrevivientes de violencia.<\/p>\n\n\n\n<p class=\"wp-block-paragraph\">Adem\u00e1s, activamos la Mesa del Sistema Nacional Integral de Prevenci\u00f3n y Erradicaci\u00f3n de la Violencia con la articulaci\u00f3n de las 22 instituciones del Estado; y se encuentra trabajando en el Registro \u00danico de Violencia fase 1, que permite la identificaci\u00f3n de los datos reales de la violencia en nuestro pa\u00eds.<\/p>\n\n\n\n<p class=\"wp-block-paragraph\">En el \u00e1mbito del cumplimiento de las obligaciones nacionales e internacionales; construimos la Estrategia Nacional para Prevenir y Erradicar la Violencia Sexual en las aulas, acci\u00f3n que se cumple como medida de reparaci\u00f3n dispuesta por la Corte Interamericana de Derechos Humanos en la sentencia Guzm\u00e1n Albarrac\u00edn vs. Ecuador; adem\u00e1s presidimos la Subcomisi\u00f3n T\u00e9cnica de Acceso a la Justicia, que realiza un trabajo articulado que permite superar las barreras que obstaculizan la atenci\u00f3n judicial a las v\u00edctimas de violencia.<\/p>\n\n\n\n<p class=\"wp-block-paragraph\">Por otro lado, trabajamos en el fortalecimiento del derecho de asociaci\u00f3n de Nacionalidades, Pueblos y Organizaciones Religiosas de Creencia y de Conciencia, hemos contestado 842 tr\u00e1mites y se han ejecutado 143 asesor\u00edas t\u00e9cnicas, agilitando los tr\u00e1mites rezagados y los que ingresan diariamente.<\/p>\n\n\n\n<p class=\"wp-block-paragraph\"><em>\u201cTrabajamos en cuatro ejes importantes: derechos humanos, prevenci\u00f3n de la violencia, pol\u00edtica p\u00fablica para las diversidades y registro de organizaciones sociales y religiosas; nuestro trabajo reci\u00e9n empieza, pero hemos dado pasos firmes para la garant\u00eda de los derechos humanos en Ecuador, a\u00fan tenemos algunos retos y desaf\u00edos que juntos lograremos superar; somos una instituci\u00f3n que nos tomamos los derechos humanos en serio\u201d<\/em>, mencion\u00f3 la m\u00e1xima autoridad de esta cartera de Estado.<\/p>\n","protected":false},"excerpt":{"rendered":"<p class=\"excerpt\">Quito, Ecuador. \u2013 El 25 de mayo de 2021, la Ab. Bernarda Ord\u00f3\u00f1ez Moscoso fue designada por el Presidente de la Rep\u00fablica, Guillermo Lasso, como titular de la Secretar\u00eda de Derechos Humanos; cargo que lo asumi\u00f3 con total responsabilidad por la garant\u00eda de los derechos humanos de ni\u00f1as, ni\u00f1os, adolescentes y mujeres en el Ecuador. Durante este tiempo, la instituci\u00f3n&hellip; <a href=\"https:\/\/www.ministeriodegobierno.gob.ec\/derechoshumanos\/2021\/08\/31\/100-dias-de-trabajo-comprometido-por-los-derechos-humanos-de-ninas-ninos-adolescentes-y-mujeres-en-el-ecuador\/\">Read more &rarr;<\/a><\/p>\n","protected":false},"author":6,"featured_media":10153,"comment_status":"closed","ping_status":"closed","sticky":false,"template":"","format":"standard","meta":{"footnotes":""},"categories":[20,5,6],"tags":[],"class_list":["post-10151","post","type-post","status-publish","format-standard","has-post-thumbnail","hentry","category-boletin-de-prensa","category-noticias","category-noticias-destacadas","xfolkentry"],"_links":{"self":[{"href":"https:\/\/www.ministeriodegobierno.gob.ec\/derechoshumanos\/wp-json\/wp\/v2\/posts\/10151","targetHints":{"allow":["GET"]}}],"collection":[{"href":"https:\/\/www.ministeriodegobierno.gob.ec\/derechoshumanos\/wp-json\/wp\/v2\/posts"}],"about":[{"href":"https:\/\/www.ministeriodegobierno.gob.ec\/derechoshumanos\/wp-json\/wp\/v2\/types\/post"}],"author":[{"embeddable":true,"href":"https:\/\/www.ministeriodegobierno.gob.ec\/derechoshumanos\/wp-json\/wp\/v2\/users\/6"}],"replies":[{"embeddable":true,"href":"https:\/\/www.ministeriodegobierno.gob.ec\/derechoshumanos\/wp-json\/wp\/v2\/comments?post=10151"}],"version-history":[{"count":1,"href":"https:\/\/www.ministeriodegobierno.gob.ec\/derechoshumanos\/wp-json\/wp\/v2\/posts\/10151\/revisions"}],"predecessor-version":[{"id":10154,"href":"https:\/\/www.ministeriodegobierno.gob.ec\/derechoshumanos\/wp-json\/wp\/v2\/posts\/10151\/revisions\/10154"}],"wp:featuredmedia":[{"embeddable":true,"href":"https:\/\/www.ministeriodegobierno.gob.ec\/derechoshumanos\/wp-json\/wp\/v2\/media\/10153"}],"wp:attachment":[{"href":"https:\/\/www.ministeriodegobierno.gob.ec\/derechoshumanos\/wp-json\/wp\/v2\/media?parent=10151"}],"wp:term":[{"taxonomy":"category","embeddable":true,"href":"https:\/\/www.ministeriodegobierno.gob.ec\/derechoshumanos\/wp-json\/wp\/v2\/categories?post=10151"},{"taxonomy":"post_tag","embeddable":true,"href":"https:\/\/www.ministeriodegobierno.gob.ec\/derechoshumanos\/wp-json\/wp\/v2\/tags?post=10151"}],"curies":[{"name":"wp","href":"https:\/\/api.w.org\/{rel}","templated":true}]}}