{"id":10157,"date":"2021-08-31T16:36:00","date_gmt":"2021-08-31T21:36:00","guid":{"rendered":"https:\/\/www.derechoshumanos.gob.ec\/?p=10157"},"modified":"2021-09-03T16:36:23","modified_gmt":"2021-09-03T21:36:23","slug":"la-secretaria-de-derechos-humanos-plantea-la-hoja-de-ruta-contra-la-violencia-hacia-ninas-ninos-adolescentes-mujeres-y-personas-lgbti","status":"publish","type":"post","link":"https:\/\/www.ministeriodegobierno.gob.ec\/derechoshumanos\/2021\/08\/31\/la-secretaria-de-derechos-humanos-plantea-la-hoja-de-ruta-contra-la-violencia-hacia-ninas-ninos-adolescentes-mujeres-y-personas-lgbti\/","title":{"rendered":"LA SECRETAR\u00cdA DE DERECHOS HUMANOS PLANTEA LA HOJA DE RUTA CONTRA LA VIOLENCIA HACIA NI\u00d1AS, NI\u00d1OS, ADOLESCENTES, MUJERES Y PERSONAS LGBTI+"},"content":{"rendered":"\n<p class=\"wp-block-paragraph\"><\/p>\n\n\n\n<p class=\"wp-block-paragraph\"><strong>Quito, Ecuador. &#8211;<\/strong> La Secretar\u00eda de Derechos Humanos trabaja de forma planificada, es por esto que cre\u00f3 la Hoja de Ruta por la prevenci\u00f3n y erradicaci\u00f3n de la violencia contra ni\u00f1as, ni\u00f1os, adolescentes, mujeres y personas LGBTI+; que tiene por objetivo trazar los lineamientos espec\u00edficos de acci\u00f3n con actividades ejecutables, de incidencia y de fortalecimiento de los ejes de trabajo de esta cartera de Estado.<\/p>\n\n\n\n<p class=\"wp-block-paragraph\">Para la m\u00e1xima autoridad de la instituci\u00f3n, Bernarda Ordo\u00f1ez Moscoso, el compromiso con el Ecuador es cumplir con la meta de Femicidio Cero, y con la implementaci\u00f3n de la primera pol\u00edtica p\u00fablica para prevenir todas las formas de violencia contra las personas por su orientaci\u00f3n sexual y\/o identidad de g\u00e9nero, <em>\u201c<\/em><em>somos una instituci\u00f3n que nos tomamos los derechos humanos en serio\u201d<\/em>, ratific\u00f3 la Secretaria.<\/p>\n\n\n\n<p class=\"wp-block-paragraph\">En este marco, a partir del mes de septiembre se planifica realizar la \u201c<strong>Presentaci\u00f3n del Registro \u00danico de Violencia (RUV)\u201d,<\/strong> sistema que recopilar\u00e1 los datos cualitativos y cuantitativos sobre la situaci\u00f3n de violencia contra las mujeres, y que transparentar\u00e1 la dimensi\u00f3n y magnitud de la problem\u00e1tica.&nbsp; Para esto en conjunto con el Ministerio de Gobierno, el Consejo de la Judicatura y con el apoyo de la cooperaci\u00f3n internacional, se desarroll\u00f3 una consultor\u00eda para la construcci\u00f3n del prototipo.<\/p>\n\n\n\n<p class=\"wp-block-paragraph\">Avanzaremos en el mes de septiembre con la instalaci\u00f3n de la<strong> \u201cMesa T\u00e9cnica Interinstitucional Femicidio Cero\u201d<\/strong>, que contar\u00e1 con la presencia de las autoridades de las 22 instituciones del Estado que conforman el Sistema Nacional Integral para Prevenir y Erradicar la Violencia contra las Mujeres; adem\u00e1s desarrollaremos el <strong>\u201cEncuentro Nacional por la Diversidad\u201d,<\/strong> con el objetivo de socializar el cronograma de trabajo para la elaboraci\u00f3n del Plan de Acci\u00f3n de Diversidades del Ecuador 2021-2025, el cual contar\u00e1 con la presencia de colectivos LGBTI+ a escala nacional.<\/p>\n\n\n\n<p class=\"wp-block-paragraph\">En octubre, conmemoramos el D\u00eda Internacional de las Mujeres Rurales; fecha en la cual la instituci\u00f3n realizar\u00e1 un conversatorio con el Consejo Nacional de Gobiernos Parroquiales Rurales del Ecuador, enfocado en la erradicaci\u00f3n de la violencia pol\u00edtica en Ecuador.<\/p>\n\n\n\n<p class=\"wp-block-paragraph\">Para los meses de noviembre y diciembre nos unimos a los 16 d\u00edas de activismo mediante las <strong>\u201cJornadas en contra de la Violencia hacia las Mujeres\u201d, <\/strong>que inician desde el25 de noviembre en el marco del D\u00eda Internacional de la Erradicaci\u00f3n de la Violencia contra las Mujeres; en estas jornadas las instituciones del Estado presentar\u00e1n sus planes, estrategias y proyectos enmarcados en la prevenci\u00f3n de la violencia, el empoderamiento econ\u00f3mico y en derechos de las ni\u00f1as, adolescentes y mujeres; culminando el 10 de diciembre, fecha en el que se realizar\u00e1n varias actividades en conmemoraci\u00f3n del D\u00eda Internacional de los Derechos Humanos.<\/p>\n\n\n\n<p class=\"wp-block-paragraph\">La Secretar\u00eda de Derechos Humanos en coordinaci\u00f3n interinstitucional contin\u00faa sumando acciones inmediatas para prevenir y erradicar la violencia contra ni\u00f1as, ni\u00f1os, adolescentes y mujeres y personas LGBTI+ en el Ecuador.<\/p>\n","protected":false},"excerpt":{"rendered":"<p class=\"excerpt\">Quito, Ecuador. &#8211; La Secretar\u00eda de Derechos Humanos trabaja de forma planificada, es por esto que cre\u00f3 la Hoja de Ruta por la prevenci\u00f3n y erradicaci\u00f3n de la violencia contra ni\u00f1as, ni\u00f1os, adolescentes, mujeres y personas LGBTI+; que tiene por objetivo trazar los lineamientos espec\u00edficos de acci\u00f3n con actividades ejecutables, de incidencia y de fortalecimiento de los ejes de trabajo&hellip; <a href=\"https:\/\/www.ministeriodegobierno.gob.ec\/derechoshumanos\/2021\/08\/31\/la-secretaria-de-derechos-humanos-plantea-la-hoja-de-ruta-contra-la-violencia-hacia-ninas-ninos-adolescentes-mujeres-y-personas-lgbti\/\">Read more &rarr;<\/a><\/p>\n","protected":false},"author":6,"featured_media":9958,"comment_status":"closed","ping_status":"closed","sticky":false,"template":"","format":"standard","meta":{"footnotes":""},"categories":[20,5,6],"tags":[],"class_list":["post-10157","post","type-post","status-publish","format-standard","has-post-thumbnail","hentry","category-boletin-de-prensa","category-noticias","category-noticias-destacadas","xfolkentry"],"_links":{"self":[{"href":"https:\/\/www.ministeriodegobierno.gob.ec\/derechoshumanos\/wp-json\/wp\/v2\/posts\/10157","targetHints":{"allow":["GET"]}}],"collection":[{"href":"https:\/\/www.ministeriodegobierno.gob.ec\/derechoshumanos\/wp-json\/wp\/v2\/posts"}],"about":[{"href":"https:\/\/www.ministeriodegobierno.gob.ec\/derechoshumanos\/wp-json\/wp\/v2\/types\/post"}],"author":[{"embeddable":true,"href":"https:\/\/www.ministeriodegobierno.gob.ec\/derechoshumanos\/wp-json\/wp\/v2\/users\/6"}],"replies":[{"embeddable":true,"href":"https:\/\/www.ministeriodegobierno.gob.ec\/derechoshumanos\/wp-json\/wp\/v2\/comments?post=10157"}],"version-history":[{"count":1,"href":"https:\/\/www.ministeriodegobierno.gob.ec\/derechoshumanos\/wp-json\/wp\/v2\/posts\/10157\/revisions"}],"predecessor-version":[{"id":10158,"href":"https:\/\/www.ministeriodegobierno.gob.ec\/derechoshumanos\/wp-json\/wp\/v2\/posts\/10157\/revisions\/10158"}],"wp:featuredmedia":[{"embeddable":true,"href":"https:\/\/www.ministeriodegobierno.gob.ec\/derechoshumanos\/wp-json\/wp\/v2\/media\/9958"}],"wp:attachment":[{"href":"https:\/\/www.ministeriodegobierno.gob.ec\/derechoshumanos\/wp-json\/wp\/v2\/media?parent=10157"}],"wp:term":[{"taxonomy":"category","embeddable":true,"href":"https:\/\/www.ministeriodegobierno.gob.ec\/derechoshumanos\/wp-json\/wp\/v2\/categories?post=10157"},{"taxonomy":"post_tag","embeddable":true,"href":"https:\/\/www.ministeriodegobierno.gob.ec\/derechoshumanos\/wp-json\/wp\/v2\/tags?post=10157"}],"curies":[{"name":"wp","href":"https:\/\/api.w.org\/{rel}","templated":true}]}}