{"id":10159,"date":"2021-09-03T17:07:08","date_gmt":"2021-09-03T22:07:08","guid":{"rendered":"https:\/\/www.derechoshumanos.gob.ec\/?p=10159"},"modified":"2021-09-03T17:07:08","modified_gmt":"2021-09-03T22:07:08","slug":"la-secretaria-de-derechos-humanos-brinda-atencion-a-hijos-de-victima-de-femicidio-en-salitre","status":"publish","type":"post","link":"https:\/\/www.ministeriodegobierno.gob.ec\/derechoshumanos\/2021\/09\/03\/la-secretaria-de-derechos-humanos-brinda-atencion-a-hijos-de-victima-de-femicidio-en-salitre\/","title":{"rendered":"La Secretar\u00eda de Derechos Humanos brinda atenci\u00f3n a hijos de v\u00edctima de femicidio en Salitre."},"content":{"rendered":"\n<p class=\"wp-block-paragraph\"><\/p>\n\n\n\n<p class=\"wp-block-paragraph\">El equipo t\u00e9cnico del Servicio de Protecci\u00f3n Integral de la Secretar\u00eda de Derechos Humanos (SDH), activ\u00f3 el Comit\u00e9 de Respuesta Integral con el fin de socializar y comprometer a las autoridades competentes para brindar atenci\u00f3n integral a 5 NNA, hijos de una v\u00edctima de femicidio en Salitre.<\/p>\n\n\n\n<p class=\"wp-block-paragraph\">La SDH como ente rector del Sistema Nacional de la Prevenci\u00f3n y Erradicaci\u00f3n de la violencia contra las mujeres, conjuntamente con los Ministerios de Educaci\u00f3n, Salud P\u00fablica, Inclusi\u00f3n Econ\u00f3mica y Social, Defensor\u00eda del Pueblo, Municipio y Polic\u00eda Nacional, acordaron realizar una atenci\u00f3n interdisciplinaria legal, social y psicol\u00f3gica orientada a acompa\u00f1ar a los hijos de la v\u00edctima y reparar sus derechos vulnerados.<\/p>\n\n\n\n<p class=\"wp-block-paragraph\">Tambi\u00e9n se gestionar\u00e1 la dotaci\u00f3n de dispositivos m\u00f3viles para que puedan acceder sin problemas a su derecho a la educaci\u00f3n y as\u00ed continuar construyendo su proyecto de vida.<\/p>\n\n\n\n<p class=\"wp-block-paragraph\">Al respecto Alexandra S\u00e1nchez, Coordinadora de la Oficina T\u00e9cnica 5 se\u00f1al\u00f3: \u201ccomo Estado realizaremos todas las acciones posibles para garantizar la estabilidad de los menores y en la medida de lo posible que se realice una reparaci\u00f3n integral. Como Secretar\u00eda de Derechos Humanos cumplimos con lo que manda la Ley Org\u00e1nica para Prevenir y Erradicar la Violencia, activando de forma oportuna e inmediata al Sistema Nacional\u201d.<\/p>\n\n\n\n<p class=\"wp-block-paragraph\">Esta cartera de Estado contin\u00faa trabajando por la prevenci\u00f3n, atenci\u00f3n, protecci\u00f3n y reparaci\u00f3n a sobrevivientes de violencia con la finalidad de erradicar esta problem\u00e1tica que nos compete a todas y todos.<\/p>\n","protected":false},"excerpt":{"rendered":"<p class=\"excerpt\">El equipo t\u00e9cnico del Servicio de Protecci\u00f3n Integral de la Secretar\u00eda de Derechos Humanos (SDH), activ\u00f3 el Comit\u00e9 de Respuesta Integral con el fin de socializar y comprometer a las autoridades competentes para brindar atenci\u00f3n integral a 5 NNA, hijos de una v\u00edctima de femicidio en Salitre. La SDH como ente rector del Sistema Nacional de la Prevenci\u00f3n y Erradicaci\u00f3n&hellip; <a href=\"https:\/\/www.ministeriodegobierno.gob.ec\/derechoshumanos\/2021\/09\/03\/la-secretaria-de-derechos-humanos-brinda-atencion-a-hijos-de-victima-de-femicidio-en-salitre\/\">Read more &rarr;<\/a><\/p>\n","protected":false},"author":6,"featured_media":9958,"comment_status":"closed","ping_status":"closed","sticky":false,"template":"","format":"standard","meta":{"footnotes":""},"categories":[20,5,6],"tags":[],"class_list":["post-10159","post","type-post","status-publish","format-standard","has-post-thumbnail","hentry","category-boletin-de-prensa","category-noticias","category-noticias-destacadas","xfolkentry"],"_links":{"self":[{"href":"https:\/\/www.ministeriodegobierno.gob.ec\/derechoshumanos\/wp-json\/wp\/v2\/posts\/10159","targetHints":{"allow":["GET"]}}],"collection":[{"href":"https:\/\/www.ministeriodegobierno.gob.ec\/derechoshumanos\/wp-json\/wp\/v2\/posts"}],"about":[{"href":"https:\/\/www.ministeriodegobierno.gob.ec\/derechoshumanos\/wp-json\/wp\/v2\/types\/post"}],"author":[{"embeddable":true,"href":"https:\/\/www.ministeriodegobierno.gob.ec\/derechoshumanos\/wp-json\/wp\/v2\/users\/6"}],"replies":[{"embeddable":true,"href":"https:\/\/www.ministeriodegobierno.gob.ec\/derechoshumanos\/wp-json\/wp\/v2\/comments?post=10159"}],"version-history":[{"count":1,"href":"https:\/\/www.ministeriodegobierno.gob.ec\/derechoshumanos\/wp-json\/wp\/v2\/posts\/10159\/revisions"}],"predecessor-version":[{"id":10160,"href":"https:\/\/www.ministeriodegobierno.gob.ec\/derechoshumanos\/wp-json\/wp\/v2\/posts\/10159\/revisions\/10160"}],"wp:featuredmedia":[{"embeddable":true,"href":"https:\/\/www.ministeriodegobierno.gob.ec\/derechoshumanos\/wp-json\/wp\/v2\/media\/9958"}],"wp:attachment":[{"href":"https:\/\/www.ministeriodegobierno.gob.ec\/derechoshumanos\/wp-json\/wp\/v2\/media?parent=10159"}],"wp:term":[{"taxonomy":"category","embeddable":true,"href":"https:\/\/www.ministeriodegobierno.gob.ec\/derechoshumanos\/wp-json\/wp\/v2\/categories?post=10159"},{"taxonomy":"post_tag","embeddable":true,"href":"https:\/\/www.ministeriodegobierno.gob.ec\/derechoshumanos\/wp-json\/wp\/v2\/tags?post=10159"}],"curies":[{"name":"wp","href":"https:\/\/api.w.org\/{rel}","templated":true}]}}