{"id":10167,"date":"2021-09-07T16:27:46","date_gmt":"2021-09-07T21:27:46","guid":{"rendered":"https:\/\/www.derechoshumanos.gob.ec\/?p=10167"},"modified":"2021-09-07T16:27:47","modified_gmt":"2021-09-07T21:27:47","slug":"sophia-cueva-mejia-es-designada-como-coordinadora-de-la-oficina-tecnica-zona-7-de-la-secretaria-de-derechos-humanos","status":"publish","type":"post","link":"https:\/\/www.ministeriodegobierno.gob.ec\/derechoshumanos\/2021\/09\/07\/sophia-cueva-mejia-es-designada-como-coordinadora-de-la-oficina-tecnica-zona-7-de-la-secretaria-de-derechos-humanos\/","title":{"rendered":"SOPHIA CUEVA MEJ\u00cdA ES DESIGNADA COMO COORDINADORA DE LA OFICINA T\u00c9CNICA ZONA 7 DE LA SECRETAR\u00cdA DE DERECHOS HUMANOS"},"content":{"rendered":"\n<p class=\"wp-block-paragraph\"><\/p>\n\n\n\n<p class=\"wp-block-paragraph\">A partir del 1 de septiembre de 2021, Juliana Sophia Cueva Mej\u00eda, fue designada como Coordinadora de la Oficina T\u00e9cnica Zona 7 de la Secretar\u00eda de Derechos Humanos, que comprende las provincias de El Oro, Loja y Zamora Chinchipe.<\/p>\n\n\n\n<p class=\"wp-block-paragraph\">La nueva Coordinadora es psic\u00f3loga cl\u00ednica titulada en la Universidad Nacional de Loja, con formaci\u00f3n cognitivo-conductual; especialista en Psicolog\u00eda Forense por la Universidad de Buenos Aires; maestrante de Psicolog\u00eda Cl\u00ednica menci\u00f3n Salud por la Universidad T\u00e9cnica Particular de Loja, entre otros.<\/p>\n\n\n\n<p class=\"wp-block-paragraph\">Adem\u00e1s tiene una amplia experiencia profesional, enfocada en la atenci\u00f3n a sobrevivientes de violencia, pues se desempe\u00f1aba como analista de Protecci\u00f3n Integral, donde lideraba los equipos t\u00e9cnicos de la Zona 7, realizaba evaluaciones psicol\u00f3gicas,&nbsp; brindaba procesos terap\u00e9uticos y desarrollaba talleres formativos a funcionarios del Sistema de Protecci\u00f3n Integral.<\/p>\n\n\n\n<p class=\"wp-block-paragraph\">&nbsp;\u201cDesde la Oficina T\u00e9cnica Zonal 7, estamos dispuestos&nbsp; a trabajar en la prevenci\u00f3n y erradicaci\u00f3n de todas las formas de violencia, garantizando y promoviendo los derechos humanos de todas y todas, lo vamos a lograr uniendo voluntades y con un trabajo interinstitucional con todos los actores del Sistema de Protecci\u00f3n, adem\u00e1s de una ardua y comprometida labor de la sociedad civil\u201d, se\u00f1al\u00f3 Sophia Cueva.<\/p>\n\n\n\n<p class=\"wp-block-paragraph\">Esta \u00a0cartera de Estado, cuenta\u00a0con puntos de atenci\u00f3n del Servicio de Protecci\u00f3n Integral\u00a0 en Loja, Calvas, Zamora, Huaquillas, Portovelo y Machala, donde se trabaja en la prevenci\u00f3n, protecci\u00f3n y restituci\u00f3n de los derechos vulnerados a los ni\u00f1os, ni\u00f1as, adolescentes, mujeres, adultos mayores, personas con discapacidades, en\u00a0 situaci\u00f3n de movilidad humana y aquellas en condiciones de vulnerabilidad, por medio de un equipo t\u00e9cnico multidisciplinario que se encargan de brindar atenci\u00f3n especializada y oportuna a sobrevivientes de todo tipo de violencia.<\/p>\n\n\n\n<p class=\"wp-block-paragraph\">La Secretar\u00eda de Derechos Humanos como instituci\u00f3n rectora del Sistema Nacional Integral para Prevenir y Erradicar la Violencia contra las Mujeres, mantiene la articulaci\u00f3n interinstitucional ya que constituye un gran aporte para la atenci\u00f3n, acompa\u00f1amiento y reparaci\u00f3n de sobrevivientes de violencia en el pa\u00eds.<\/p>\n","protected":false},"excerpt":{"rendered":"<p class=\"excerpt\">A partir del 1 de septiembre de 2021, Juliana Sophia Cueva Mej\u00eda, fue designada como Coordinadora de la Oficina T\u00e9cnica Zona 7 de la Secretar\u00eda de Derechos Humanos, que comprende las provincias de El Oro, Loja y Zamora Chinchipe. La nueva Coordinadora es psic\u00f3loga cl\u00ednica titulada en la Universidad Nacional de Loja, con formaci\u00f3n cognitivo-conductual; especialista en Psicolog\u00eda Forense por&hellip; <a href=\"https:\/\/www.ministeriodegobierno.gob.ec\/derechoshumanos\/2021\/09\/07\/sophia-cueva-mejia-es-designada-como-coordinadora-de-la-oficina-tecnica-zona-7-de-la-secretaria-de-derechos-humanos\/\">Read more &rarr;<\/a><\/p>\n","protected":false},"author":6,"featured_media":10168,"comment_status":"closed","ping_status":"closed","sticky":false,"template":"","format":"standard","meta":{"footnotes":""},"categories":[20,5,6],"tags":[],"class_list":["post-10167","post","type-post","status-publish","format-standard","has-post-thumbnail","hentry","category-boletin-de-prensa","category-noticias","category-noticias-destacadas","xfolkentry"],"_links":{"self":[{"href":"https:\/\/www.ministeriodegobierno.gob.ec\/derechoshumanos\/wp-json\/wp\/v2\/posts\/10167","targetHints":{"allow":["GET"]}}],"collection":[{"href":"https:\/\/www.ministeriodegobierno.gob.ec\/derechoshumanos\/wp-json\/wp\/v2\/posts"}],"about":[{"href":"https:\/\/www.ministeriodegobierno.gob.ec\/derechoshumanos\/wp-json\/wp\/v2\/types\/post"}],"author":[{"embeddable":true,"href":"https:\/\/www.ministeriodegobierno.gob.ec\/derechoshumanos\/wp-json\/wp\/v2\/users\/6"}],"replies":[{"embeddable":true,"href":"https:\/\/www.ministeriodegobierno.gob.ec\/derechoshumanos\/wp-json\/wp\/v2\/comments?post=10167"}],"version-history":[{"count":1,"href":"https:\/\/www.ministeriodegobierno.gob.ec\/derechoshumanos\/wp-json\/wp\/v2\/posts\/10167\/revisions"}],"predecessor-version":[{"id":10169,"href":"https:\/\/www.ministeriodegobierno.gob.ec\/derechoshumanos\/wp-json\/wp\/v2\/posts\/10167\/revisions\/10169"}],"wp:featuredmedia":[{"embeddable":true,"href":"https:\/\/www.ministeriodegobierno.gob.ec\/derechoshumanos\/wp-json\/wp\/v2\/media\/10168"}],"wp:attachment":[{"href":"https:\/\/www.ministeriodegobierno.gob.ec\/derechoshumanos\/wp-json\/wp\/v2\/media?parent=10167"}],"wp:term":[{"taxonomy":"category","embeddable":true,"href":"https:\/\/www.ministeriodegobierno.gob.ec\/derechoshumanos\/wp-json\/wp\/v2\/categories?post=10167"},{"taxonomy":"post_tag","embeddable":true,"href":"https:\/\/www.ministeriodegobierno.gob.ec\/derechoshumanos\/wp-json\/wp\/v2\/tags?post=10167"}],"curies":[{"name":"wp","href":"https:\/\/api.w.org\/{rel}","templated":true}]}}