{"id":10170,"date":"2021-09-13T10:26:03","date_gmt":"2021-09-13T15:26:03","guid":{"rendered":"https:\/\/www.derechoshumanos.gob.ec\/?p=10170"},"modified":"2021-09-13T10:26:04","modified_gmt":"2021-09-13T15:26:04","slug":"la-secretaria-de-derechos-humanos-se-une-al-esfuerzo-por-combatir-la-migracion-riesgosa","status":"publish","type":"post","link":"https:\/\/www.ministeriodegobierno.gob.ec\/derechoshumanos\/2021\/09\/13\/la-secretaria-de-derechos-humanos-se-une-al-esfuerzo-por-combatir-la-migracion-riesgosa\/","title":{"rendered":"LA SECRETAR\u00cdA DE DERECHOS HUMANOS SE UNE AL ESFUERZO POR COMBATIR LA MIGRACI\u00d3N RIESGOSA"},"content":{"rendered":"\n<p class=\"wp-block-paragraph\"><\/p>\n\n\n\n<p class=\"wp-block-paragraph\">La Secretar\u00eda de Derechos Humanos particip\u00f3 en la XXI Mesa Nacional de Movilidad Humana sobre \u201cMigraci\u00f3n riesgosa en post pandemia\u201d, que tiene por objetivo atender la problem\u00e1tica de la migraci\u00f3n riesgosa y establecer l\u00edneas de acci\u00f3n concretas y medibles. El di\u00e1logo se desarroll\u00f3 con distintos actores nacionales e internacionales, en la ciudad de Cuenca este 7 y 8 de septiembre de 2021.<\/p>\n\n\n\n<p class=\"wp-block-paragraph\">En el encuentro la Ab. Bernarda Ord\u00f3\u00f1ez Moscoso, titular de esta cartera de Estado, expuso recomendaciones a fin de garantizar los derechos de las personas en condici\u00f3n de movilidad humana. \u201c<em>Una de nuestras competencias es la protecci\u00f3n de las personas rescatadas de trata y tr\u00e1fico il\u00edcito de migrantes, hemos avanzado en la implementaci\u00f3n de un centro que brinde atenci\u00f3n integral y apoyo<\/em>\u201d, precis\u00f3 la Secretaria<em>.<\/em><\/p>\n\n\n\n<p class=\"wp-block-paragraph\">El acto fue presidido por el canciller, Mauricio Montalvo quien indic\u00f3 que el Estado ecuatoriano atender\u00e1 esta tem\u00e1tica desde un enfoque de desarrollo y seguridad, privilegiando la protecci\u00f3n de los derechos de las personas en movilidad humana. Tambi\u00e9n particip\u00f3 en la mesa la fiscal general del Estado, Diana Salazar quien manifest\u00f3 que es primordial actuar entre los pa\u00edses de origen, tr\u00e1nsito y destino de migrantes para combatir este delito que se une a la usura, estafa, violencia sexual, entre otros peligros.<\/p>\n\n\n\n<p class=\"wp-block-paragraph\">En la parte final, la Secretaria indic\u00f3 que hist\u00f3ricamente Azuay ha sido una de las provincias m\u00e1s golpeadas por diferentes modalidades de migraci\u00f3n; por ello, felicit\u00f3 la iniciativa de activar este espacio en el austro ecuatoriano.<\/p>\n\n\n\n<p class=\"wp-block-paragraph\">En la XXI Mesa Nacional de Movilidad Humana se definieron l\u00edneas de acci\u00f3n y una hoja de ruta para su ejecuci\u00f3n a partir de la participaci\u00f3n de diversos actores distribuidos en cuatro grupos de trabajo sobre: oportunidades de desarrollo en las zonas de mayor emigraci\u00f3n; oportunidades de migraci\u00f3n regular; lucha contra el tr\u00e1fico il\u00edcito de migrantes; y atenci\u00f3n y respuesta para v\u00edctimas de migraci\u00f3n riesgosa.<\/p>\n\n\n\n<p class=\"wp-block-paragraph\">La cuarta mesa de trabajo, bajo la coordinaci\u00f3n de la Secretar\u00eda de Derechos Humanos, lleg\u00f3 a varios acuerdos englobados en tres ejes de acci\u00f3n: fortalecimiento de la articulaci\u00f3n interinstitucional en atenci\u00f3n de casos de trata de personas, tr\u00e1fico il\u00edcito de migrantes y migraci\u00f3n riesgosa; difusi\u00f3n de los instrumentos y protocolos de atenci\u00f3n dise\u00f1ados por las instituciones competentes; y, fortalecimiento de los procesos de capacitaci\u00f3n y sensibilizaci\u00f3n al personal competente.<\/p>\n","protected":false},"excerpt":{"rendered":"<p class=\"excerpt\">La Secretar\u00eda de Derechos Humanos particip\u00f3 en la XXI Mesa Nacional de Movilidad Humana sobre \u201cMigraci\u00f3n riesgosa en post pandemia\u201d, que tiene por objetivo atender la problem\u00e1tica de la migraci\u00f3n riesgosa y establecer l\u00edneas de acci\u00f3n concretas y medibles. El di\u00e1logo se desarroll\u00f3 con distintos actores nacionales e internacionales, en la ciudad de Cuenca este 7 y 8 de septiembre&hellip; <a href=\"https:\/\/www.ministeriodegobierno.gob.ec\/derechoshumanos\/2021\/09\/13\/la-secretaria-de-derechos-humanos-se-une-al-esfuerzo-por-combatir-la-migracion-riesgosa\/\">Read more &rarr;<\/a><\/p>\n","protected":false},"author":6,"featured_media":10172,"comment_status":"closed","ping_status":"closed","sticky":false,"template":"","format":"standard","meta":{"footnotes":""},"categories":[20,5,6],"tags":[],"class_list":["post-10170","post","type-post","status-publish","format-standard","has-post-thumbnail","hentry","category-boletin-de-prensa","category-noticias","category-noticias-destacadas","xfolkentry"],"_links":{"self":[{"href":"https:\/\/www.ministeriodegobierno.gob.ec\/derechoshumanos\/wp-json\/wp\/v2\/posts\/10170","targetHints":{"allow":["GET"]}}],"collection":[{"href":"https:\/\/www.ministeriodegobierno.gob.ec\/derechoshumanos\/wp-json\/wp\/v2\/posts"}],"about":[{"href":"https:\/\/www.ministeriodegobierno.gob.ec\/derechoshumanos\/wp-json\/wp\/v2\/types\/post"}],"author":[{"embeddable":true,"href":"https:\/\/www.ministeriodegobierno.gob.ec\/derechoshumanos\/wp-json\/wp\/v2\/users\/6"}],"replies":[{"embeddable":true,"href":"https:\/\/www.ministeriodegobierno.gob.ec\/derechoshumanos\/wp-json\/wp\/v2\/comments?post=10170"}],"version-history":[{"count":1,"href":"https:\/\/www.ministeriodegobierno.gob.ec\/derechoshumanos\/wp-json\/wp\/v2\/posts\/10170\/revisions"}],"predecessor-version":[{"id":10173,"href":"https:\/\/www.ministeriodegobierno.gob.ec\/derechoshumanos\/wp-json\/wp\/v2\/posts\/10170\/revisions\/10173"}],"wp:featuredmedia":[{"embeddable":true,"href":"https:\/\/www.ministeriodegobierno.gob.ec\/derechoshumanos\/wp-json\/wp\/v2\/media\/10172"}],"wp:attachment":[{"href":"https:\/\/www.ministeriodegobierno.gob.ec\/derechoshumanos\/wp-json\/wp\/v2\/media?parent=10170"}],"wp:term":[{"taxonomy":"category","embeddable":true,"href":"https:\/\/www.ministeriodegobierno.gob.ec\/derechoshumanos\/wp-json\/wp\/v2\/categories?post=10170"},{"taxonomy":"post_tag","embeddable":true,"href":"https:\/\/www.ministeriodegobierno.gob.ec\/derechoshumanos\/wp-json\/wp\/v2\/tags?post=10170"}],"curies":[{"name":"wp","href":"https:\/\/api.w.org\/{rel}","templated":true}]}}