{"id":10177,"date":"2021-09-14T10:21:42","date_gmt":"2021-09-14T15:21:42","guid":{"rendered":"https:\/\/www.derechoshumanos.gob.ec\/?p=10177"},"modified":"2021-09-14T17:29:53","modified_gmt":"2021-09-14T22:29:53","slug":"primer-encuentro-nacional-por-las-diversidades-se-desarrollara-en-ecuador","status":"publish","type":"post","link":"https:\/\/www.ministeriodegobierno.gob.ec\/derechoshumanos\/2021\/09\/14\/primer-encuentro-nacional-por-las-diversidades-se-desarrollara-en-ecuador\/","title":{"rendered":"PRIMER ENCUENTRO NACIONAL POR LAS DIVERSIDADES SE DESARROLLAR\u00c1 EN ECUADOR"},"content":{"rendered":"\n<p class=\"wp-block-paragraph\"><\/p>\n\n\n\n<p class=\"wp-block-paragraph\"><strong>Quito, Ecuador. \u2013<\/strong> El Gobierno del Encuentro reafirma su compromiso de prevenir y erradicar todas las formas de violencia contra las personas por su orientaci\u00f3n sexual y\/o diversidad sexo gen\u00e9rica. Es por esto que el 28 de junio de 2021, en el marco del D\u00eda del Orgullo LGBTI+, se anunci\u00f3 la creaci\u00f3n de la Subsecretar\u00eda de Diversidades, entidad que ser\u00e1 parte de la Secretar\u00eda de Derechos Humanos.<\/p>\n\n\n\n<p class=\"wp-block-paragraph\">En este proceso, se activar\u00e1n mesas de trabajo sobre tem\u00e1ticas relacionadas a la poblaci\u00f3n LGBTI+, con el objetivo de socializar el cronograma de trabajo para la elaboraci\u00f3n del Plan de Acci\u00f3n de Diversidades del Ecuador 2021-2025, que constituir\u00e1 la primera pol\u00edtica p\u00fablica para prevenir y erradicar la violencia y discriminaci\u00f3n por orientaci\u00f3n sexual y\/o identidad de g\u00e9nero.<\/p>\n\n\n\n<p class=\"wp-block-paragraph\">En este marco, el 15 de septiembre de 2021, se realizar\u00e1 el \u201cPrimer Encuentro Nacional por las Diversidades\u201d, con la participaci\u00f3n de representantes de aproximadamente 90 organizaciones de defensa de los derechos LGBTI+, quienes formar\u00e1n parte activa de la mesa de trabajo para la construcci\u00f3n de la pol\u00edtica p\u00fablica; el acto se desarrollar\u00e1 en el Sal\u00f3n Los Escudos, del Instituto Nacional de Patrimonio Cultural, ubicado en Quito (Col\u00f3n y 10 de Agosto).<\/p>\n\n\n\n<p class=\"wp-block-paragraph\">La propuesta que se presentar\u00e1 a las organizaciones de la sociedad civil girar\u00e1n entorno a 4 ejes, sin embargo estar\u00e1 sujeta a los aportes y la construcci\u00f3n colectiva de este y otros espacios:<\/p>\n\n\n\n<ol class=\"wp-block-list\" type=\"1\"><li><strong>Educaci\u00f3n<\/strong>: transversalizaci\u00f3n de enfoque de respeto de Derechos Humanos, vida libre de violencia y discriminaci\u00f3n, prevenci\u00f3n de bullying, acoso y violencia en el \u00e1mbito educativo, protocolos de actuaci\u00f3n para casos de violencia.<\/li><li><strong>Trabajo<\/strong>: ambientes seguros y que motiven la inclusi\u00f3n de la diversidad en el \u00e1mbito p\u00fablico y privado, protocolos para prevenir y erradicar la violencia en el \u00e1mbito laboral, fondos concursables para emprendimientos laborales para la poblaci\u00f3n LGBTI+.<\/li><li><strong>Salud<\/strong>: sensibilizaci\u00f3n y capacitaci\u00f3n sobre Derechos Humanos, estigma y discriminaci\u00f3n para personas que viven con VIH y cierre de establecimientos que intentan modificar la orientaci\u00f3n sexual y\/o identidad de g\u00e9nero.<\/li><li><strong>Acceso a la Justicia<\/strong>: sensibilizaci\u00f3n y capacitaci\u00f3n a operadores de justicia para la tutela efectiva de los derechos de las personas LGBTI+.<\/li><\/ol>\n\n\n\n<p class=\"wp-block-paragraph\">Esta cartera de Estado impulsar\u00e1 la construcci\u00f3n de pol\u00edticas p\u00fablicas de manera participativa y representativa, por lo que el proceso ser\u00e1 colectivo, e incluir\u00e1 di\u00e1logos asentados en las realidades territoriales en todo el Ecuador.<\/p>\n","protected":false},"excerpt":{"rendered":"<p class=\"excerpt\">Quito, Ecuador. \u2013 El Gobierno del Encuentro reafirma su compromiso de prevenir y erradicar todas las formas de violencia contra las personas por su orientaci\u00f3n sexual y\/o diversidad sexo gen\u00e9rica. Es por esto que el 28 de junio de 2021, en el marco del D\u00eda del Orgullo LGBTI+, se anunci\u00f3 la creaci\u00f3n de la Subsecretar\u00eda de Diversidades, entidad que ser\u00e1&hellip; <a href=\"https:\/\/www.ministeriodegobierno.gob.ec\/derechoshumanos\/2021\/09\/14\/primer-encuentro-nacional-por-las-diversidades-se-desarrollara-en-ecuador\/\">Read more &rarr;<\/a><\/p>\n","protected":false},"author":6,"featured_media":9958,"comment_status":"closed","ping_status":"closed","sticky":false,"template":"","format":"standard","meta":{"footnotes":""},"categories":[20,5,6],"tags":[],"class_list":["post-10177","post","type-post","status-publish","format-standard","has-post-thumbnail","hentry","category-boletin-de-prensa","category-noticias","category-noticias-destacadas","xfolkentry"],"_links":{"self":[{"href":"https:\/\/www.ministeriodegobierno.gob.ec\/derechoshumanos\/wp-json\/wp\/v2\/posts\/10177","targetHints":{"allow":["GET"]}}],"collection":[{"href":"https:\/\/www.ministeriodegobierno.gob.ec\/derechoshumanos\/wp-json\/wp\/v2\/posts"}],"about":[{"href":"https:\/\/www.ministeriodegobierno.gob.ec\/derechoshumanos\/wp-json\/wp\/v2\/types\/post"}],"author":[{"embeddable":true,"href":"https:\/\/www.ministeriodegobierno.gob.ec\/derechoshumanos\/wp-json\/wp\/v2\/users\/6"}],"replies":[{"embeddable":true,"href":"https:\/\/www.ministeriodegobierno.gob.ec\/derechoshumanos\/wp-json\/wp\/v2\/comments?post=10177"}],"version-history":[{"count":2,"href":"https:\/\/www.ministeriodegobierno.gob.ec\/derechoshumanos\/wp-json\/wp\/v2\/posts\/10177\/revisions"}],"predecessor-version":[{"id":10179,"href":"https:\/\/www.ministeriodegobierno.gob.ec\/derechoshumanos\/wp-json\/wp\/v2\/posts\/10177\/revisions\/10179"}],"wp:featuredmedia":[{"embeddable":true,"href":"https:\/\/www.ministeriodegobierno.gob.ec\/derechoshumanos\/wp-json\/wp\/v2\/media\/9958"}],"wp:attachment":[{"href":"https:\/\/www.ministeriodegobierno.gob.ec\/derechoshumanos\/wp-json\/wp\/v2\/media?parent=10177"}],"wp:term":[{"taxonomy":"category","embeddable":true,"href":"https:\/\/www.ministeriodegobierno.gob.ec\/derechoshumanos\/wp-json\/wp\/v2\/categories?post=10177"},{"taxonomy":"post_tag","embeddable":true,"href":"https:\/\/www.ministeriodegobierno.gob.ec\/derechoshumanos\/wp-json\/wp\/v2\/tags?post=10177"}],"curies":[{"name":"wp","href":"https:\/\/api.w.org\/{rel}","templated":true}]}}