{"id":10180,"date":"2021-09-15T14:43:53","date_gmt":"2021-09-15T19:43:53","guid":{"rendered":"https:\/\/www.derechoshumanos.gob.ec\/?p=10180"},"modified":"2021-09-15T14:45:35","modified_gmt":"2021-09-15T19:45:35","slug":"avanza-la-construccion-de-la-primera-politica-publica-para-erradicar-la-violencia-contra-la-poblacion-lgbti","status":"publish","type":"post","link":"https:\/\/www.ministeriodegobierno.gob.ec\/derechoshumanos\/2021\/09\/15\/avanza-la-construccion-de-la-primera-politica-publica-para-erradicar-la-violencia-contra-la-poblacion-lgbti\/","title":{"rendered":"AVANZA LA CONSTRUCCI\u00d3N DE LA PRIMERA POL\u00cdTICA P\u00daBLICA PARA ERRADICAR LA VIOLENCIA CONTRA LA POBLACI\u00d3N LGBTI+"},"content":{"rendered":"\n<p class=\"wp-block-paragraph\">El Gobierno del Encuentro desarroll\u00f3 el \u201cPrimer Encuentro Nacional por las Diversidades\u201d, con el objetivo de socializar la hoja de ruta para la construcci\u00f3n del Plan de Acci\u00f3n de Diversidades del Ecuador 2021-2025 que elabora de manera participativa la primera pol\u00edtica p\u00fablica para prevenir y erradicar la violencia y discriminaci\u00f3n por orientaci\u00f3n sexual y\/o diversidad sexo-gen\u00e9rica. El acto se realiz\u00f3 en Quito, con la participaci\u00f3n de aproximadamente 90 representantes en la modalidad zoom y presencial, de organizaciones de defensa de los derechos LGBTI+.<\/p>\n\n\n\n<p class=\"wp-block-paragraph\">La Secretaria de Derechos Humanos, Bernarda Ord\u00f3\u00f1ez Moscoso indic\u00f3 que, desde la Constituci\u00f3n del 2008, el Ecuador no hab\u00eda dado un paso tan importante en materia de diversidad. \u201c<em>El 28 de junio del 2021, marcamos un hito hist\u00f3rico en la regi\u00f3n, con la creaci\u00f3n de la Subsecretar\u00eda de Diversidades. La equidad y la no discriminaci\u00f3n son principios b\u00e1sicos de las normas internacionales de derechos humanos tambi\u00e9n garantizados en nuestra Constituci\u00f3n y es por ello que el Presidente Guillermo Lasso ha ratificado su compromiso con los derechos basados en el respeto, la dignidad y la libertad<\/em>\u201d, precis\u00f3.<\/p>\n\n\n\n<p class=\"wp-block-paragraph\">Al respecto, Jos\u00e9 Iv\u00e1n D\u00e1valos, Jefe de la Misi\u00f3n de la Organizaci\u00f3n Internacional para las Migraciones en Ecuador (OIM), resalt\u00f3 su inter\u00e9s de ser parte de este proceso participativo junto con la Secretar\u00eda de Derechos Humanos, en consonancia con sus principios de imparcialidad y humanidad a fin responder a una realidad donde a\u00fan existen significativas vulneraciones de derechos a la poblaci\u00f3n LGBTI+ tanto ecuatoriana como de otros pa\u00edses que est\u00e1n en movilidad humana.<\/p>\n\n\n\n<p class=\"wp-block-paragraph\">En el encuentro el Subsecretario de Diversidades, Felipe Ochoa Mogrovejo, present\u00f3 la propuesta de Hoja de Ruta y Ejes para el Plan de Acci\u00f3n de Diversidades y dio a conocer que en menos de 90 d\u00edas se cre\u00f3 la Subsecretar\u00eda de Diversidades que hoy cuenta con un equipo t\u00e9cnico consolidado que trabajar\u00e1 en la ejecuci\u00f3n de sus competencias. Adem\u00e1s, anunci\u00f3 que en Ecuador implementar\u00e1 por primera vez la \u201cvariable orientaci\u00f3n sexual y\/o diversidad sexo-gen\u00e9rica\u201d en la Encuesta Nacional Empleo, Desempleo y Subempleo (ENEMDU).<\/p>\n\n\n\n<p class=\"wp-block-paragraph\">Como parte de los avances del Ecuador en esta materia, se cumple la primera fase con el Encuentro de Diversidades que se replicar\u00e1 en las 9 zonas del pa\u00eds; en las mesas t\u00e9cnicas se trabajar\u00e1 de manera inicial con cuatro ejes de acci\u00f3n: educaci\u00f3n, trabajo, salud y acceso a la justicia.<\/p>\n\n\n\n<p class=\"wp-block-paragraph\">Al finalizar se recogieron aportes y recomendaciones de los representantes de las organizaciones LGBTI+ y se valid\u00f3 de manera participativa la hoja de ruta del Plan de Acci\u00f3n.<\/p>\n","protected":false},"excerpt":{"rendered":"<p class=\"excerpt\">El Gobierno del Encuentro desarroll\u00f3 el \u201cPrimer Encuentro Nacional por las Diversidades\u201d, con el objetivo de socializar la hoja de ruta para la construcci\u00f3n del Plan de Acci\u00f3n de Diversidades del Ecuador 2021-2025 que elabora de manera participativa la primera pol\u00edtica p\u00fablica para prevenir y erradicar la violencia y discriminaci\u00f3n por orientaci\u00f3n sexual y\/o diversidad sexo-gen\u00e9rica. El acto se realiz\u00f3&hellip; <a href=\"https:\/\/www.ministeriodegobierno.gob.ec\/derechoshumanos\/2021\/09\/15\/avanza-la-construccion-de-la-primera-politica-publica-para-erradicar-la-violencia-contra-la-poblacion-lgbti\/\">Read more &rarr;<\/a><\/p>\n","protected":false},"author":8,"featured_media":10181,"comment_status":"closed","ping_status":"closed","sticky":false,"template":"","format":"standard","meta":{"footnotes":""},"categories":[20,5,6],"tags":[],"class_list":["post-10180","post","type-post","status-publish","format-standard","has-post-thumbnail","hentry","category-boletin-de-prensa","category-noticias","category-noticias-destacadas","xfolkentry"],"_links":{"self":[{"href":"https:\/\/www.ministeriodegobierno.gob.ec\/derechoshumanos\/wp-json\/wp\/v2\/posts\/10180","targetHints":{"allow":["GET"]}}],"collection":[{"href":"https:\/\/www.ministeriodegobierno.gob.ec\/derechoshumanos\/wp-json\/wp\/v2\/posts"}],"about":[{"href":"https:\/\/www.ministeriodegobierno.gob.ec\/derechoshumanos\/wp-json\/wp\/v2\/types\/post"}],"author":[{"embeddable":true,"href":"https:\/\/www.ministeriodegobierno.gob.ec\/derechoshumanos\/wp-json\/wp\/v2\/users\/8"}],"replies":[{"embeddable":true,"href":"https:\/\/www.ministeriodegobierno.gob.ec\/derechoshumanos\/wp-json\/wp\/v2\/comments?post=10180"}],"version-history":[{"count":2,"href":"https:\/\/www.ministeriodegobierno.gob.ec\/derechoshumanos\/wp-json\/wp\/v2\/posts\/10180\/revisions"}],"predecessor-version":[{"id":10183,"href":"https:\/\/www.ministeriodegobierno.gob.ec\/derechoshumanos\/wp-json\/wp\/v2\/posts\/10180\/revisions\/10183"}],"wp:featuredmedia":[{"embeddable":true,"href":"https:\/\/www.ministeriodegobierno.gob.ec\/derechoshumanos\/wp-json\/wp\/v2\/media\/10181"}],"wp:attachment":[{"href":"https:\/\/www.ministeriodegobierno.gob.ec\/derechoshumanos\/wp-json\/wp\/v2\/media?parent=10180"}],"wp:term":[{"taxonomy":"category","embeddable":true,"href":"https:\/\/www.ministeriodegobierno.gob.ec\/derechoshumanos\/wp-json\/wp\/v2\/categories?post=10180"},{"taxonomy":"post_tag","embeddable":true,"href":"https:\/\/www.ministeriodegobierno.gob.ec\/derechoshumanos\/wp-json\/wp\/v2\/tags?post=10180"}],"curies":[{"name":"wp","href":"https:\/\/api.w.org\/{rel}","templated":true}]}}