{"id":10207,"date":"2021-09-16T17:16:33","date_gmt":"2021-09-16T22:16:33","guid":{"rendered":"https:\/\/www.derechoshumanos.gob.ec\/?p=10207"},"modified":"2021-09-16T17:16:33","modified_gmt":"2021-09-16T22:16:33","slug":"coordinadora-de-la-oficina-tecnica-zonal-7-cumple-agenda-en-la-provincia-loja-y-zamora-chinchipe","status":"publish","type":"post","link":"https:\/\/www.ministeriodegobierno.gob.ec\/derechoshumanos\/2021\/09\/16\/coordinadora-de-la-oficina-tecnica-zonal-7-cumple-agenda-en-la-provincia-loja-y-zamora-chinchipe\/","title":{"rendered":"COORDINADORA DE LA OFICINA T\u00c9CNICA ZONAL 7 CUMPLE AGENDA EN LA PROVINCIA LOJA Y ZAMORA CHINCHIPE"},"content":{"rendered":"\n<p class=\"wp-block-paragraph\"><\/p>\n\n\n\n<p class=\"wp-block-paragraph\">Sophia Cueva Mej\u00eda, Coordinadora de Oficina T\u00e9cnica Zonal 7 de la Secretar\u00eda de Derechos Humanos, ha organizado varias reuniones de trabajo interinstitucionales, con autoridades de diferentes carteras de Estado de la ciudad de Loja y de Zamora.<\/p>\n\n\n\n<p class=\"wp-block-paragraph\">En estos espacios dio a conocer las competencias y servicios que brinda la Secretar\u00eda de Derechos Humanos, adem\u00e1s se acordaron acciones interinstitucionales para la prevenci\u00f3n, atenci\u00f3n, protecci\u00f3n y restituci\u00f3n de los derechos que han sido vulnerados a ni\u00f1os, ni\u00f1as, adolescentes, mujeres, personas adultas mayores, personas con discapacidades, personas en situaci\u00f3n de movilidad humana, quienes son sobrevivientes de todo tipo de violencias.<\/p>\n\n\n\n<p class=\"wp-block-paragraph\">Entre las autoridades con las que se mantuvieron di\u00e1logos est\u00e1n: Franchesca Jara, representante del Colectivo LGBTI+; integrantes del Consejo y Junta Cantonal de Protecci\u00f3n de Derechos de Portovelo; Gabriela Moreira, Miembro del Observatorio de Conflictos Socioambientales y Cultura de Paz de la Universidad T\u00e9cnica de Loja; Carlos J\u00e1come, Presidente de la Corte Provincial de Zamora Chinchipe; Eduardo Moreno, Fiscal Provincial de Zamora Chinchipe; Ivonne Romero, Directora Provincial del Consejo de la Judicatura de Zamora; con Representantes de la Polic\u00eda Nacional de Zamora Chinchipe; con Ximena Monta\u00f1o, Jefa Pol\u00edtica de Zamora; M\u00f3nica Sinchire, Coordinadora Zonal 7 del Ministerio de Inclusi\u00f3n Econ\u00f3mica y Social, Mario Mancino Gobernador de la Provincia de Loja y Dolores Yamunaqu\u00e9, Directora Provincial del Consejo de la Judicatura de Loja.&nbsp;<\/p>\n\n\n\n<p class=\"wp-block-paragraph\">Se llegaron a acuerdos &nbsp;importantes como: trabajar directamente con la Subsecretar\u00eda de Diversidades creada el pasado 28 de Junio, en lo concerniente a pol\u00edticas p\u00fablicas integrales que garanticen los derechos humanos de las personas de los grupos LGBTI+; coordinar &nbsp;una agenda intersectorial en prevenci\u00f3n de violencia y embarazo adolescente en el cant\u00f3n Portovelo, as\u00ed como en el cant\u00f3n Loja; adem\u00e1s se comprometieron a unir voluntades con la academia para realizar acciones que permitan verificar la respuesta de los actores locales de protecci\u00f3n ante casos de violencias.<\/p>\n\n\n\n<p class=\"wp-block-paragraph\">En la&nbsp; Mesa Intersectorial de Protecci\u00f3n de Derechos de Catamayo, se efectuaron&nbsp; acciones en cuanto a promoci\u00f3n de derechos en las 4 parroquias de ese cant\u00f3n, donde&nbsp; se efectuar\u00e1n ferias ciudadanas en los meses de octubre y noviembre con el objetivo de dar a conocer las competencias y servicios que esta instituci\u00f3n ofrece; con la Corte Provincial, Fiscal\u00eda General del Estado, Polic\u00eda Nacional y Consejo de la Judicatura de Zamora Chinchipe se realizar\u00e1 un trabajo conjunto en temas de una correcta administraci\u00f3n de justicia en casos de violencia, para que las sobrevivientes tengan un acceso efectivo a la justicia,&nbsp; atenci\u00f3n oportuna y especializada.<\/p>\n\n\n\n<p class=\"wp-block-paragraph\">Asimismo, con la jefatura pol\u00edtica de Zamora, se desarrollar\u00e1n&nbsp; talleres de capacitaci\u00f3n en el \u00e1rea psicol\u00f3gica y jur\u00eddica en coordinaci\u00f3n con la Gobernaci\u00f3n,&nbsp; Consejo de la Judicatura y est\u00e1 cartera Estado.<\/p>\n\n\n\n<p class=\"wp-block-paragraph\">La coordinadora de Oficina T\u00e9cnica Zonal 7 manifest\u00f3: \u201cEl trabajo articulado y en territorio nos mantiene activos y permite que como ente rector del Sistema Integral para Prevenir y Erradicar la Violencia contra las Mujeres, sumemos esfuerzos para llegar a la meta de Femicidio Cero en Ecuador\u201d.<\/p>\n","protected":false},"excerpt":{"rendered":"<p class=\"excerpt\">Sophia Cueva Mej\u00eda, Coordinadora de Oficina T\u00e9cnica Zonal 7 de la Secretar\u00eda de Derechos Humanos, ha organizado varias reuniones de trabajo interinstitucionales, con autoridades de diferentes carteras de Estado de la ciudad de Loja y de Zamora. En estos espacios dio a conocer las competencias y servicios que brinda la Secretar\u00eda de Derechos Humanos, adem\u00e1s se acordaron acciones interinstitucionales para&hellip; <a href=\"https:\/\/www.ministeriodegobierno.gob.ec\/derechoshumanos\/2021\/09\/16\/coordinadora-de-la-oficina-tecnica-zonal-7-cumple-agenda-en-la-provincia-loja-y-zamora-chinchipe\/\">Read more &rarr;<\/a><\/p>\n","protected":false},"author":6,"featured_media":10208,"comment_status":"closed","ping_status":"closed","sticky":false,"template":"","format":"standard","meta":{"footnotes":""},"categories":[20,5,6],"tags":[],"class_list":["post-10207","post","type-post","status-publish","format-standard","has-post-thumbnail","hentry","category-boletin-de-prensa","category-noticias","category-noticias-destacadas","xfolkentry"],"_links":{"self":[{"href":"https:\/\/www.ministeriodegobierno.gob.ec\/derechoshumanos\/wp-json\/wp\/v2\/posts\/10207","targetHints":{"allow":["GET"]}}],"collection":[{"href":"https:\/\/www.ministeriodegobierno.gob.ec\/derechoshumanos\/wp-json\/wp\/v2\/posts"}],"about":[{"href":"https:\/\/www.ministeriodegobierno.gob.ec\/derechoshumanos\/wp-json\/wp\/v2\/types\/post"}],"author":[{"embeddable":true,"href":"https:\/\/www.ministeriodegobierno.gob.ec\/derechoshumanos\/wp-json\/wp\/v2\/users\/6"}],"replies":[{"embeddable":true,"href":"https:\/\/www.ministeriodegobierno.gob.ec\/derechoshumanos\/wp-json\/wp\/v2\/comments?post=10207"}],"version-history":[{"count":1,"href":"https:\/\/www.ministeriodegobierno.gob.ec\/derechoshumanos\/wp-json\/wp\/v2\/posts\/10207\/revisions"}],"predecessor-version":[{"id":10209,"href":"https:\/\/www.ministeriodegobierno.gob.ec\/derechoshumanos\/wp-json\/wp\/v2\/posts\/10207\/revisions\/10209"}],"wp:featuredmedia":[{"embeddable":true,"href":"https:\/\/www.ministeriodegobierno.gob.ec\/derechoshumanos\/wp-json\/wp\/v2\/media\/10208"}],"wp:attachment":[{"href":"https:\/\/www.ministeriodegobierno.gob.ec\/derechoshumanos\/wp-json\/wp\/v2\/media?parent=10207"}],"wp:term":[{"taxonomy":"category","embeddable":true,"href":"https:\/\/www.ministeriodegobierno.gob.ec\/derechoshumanos\/wp-json\/wp\/v2\/categories?post=10207"},{"taxonomy":"post_tag","embeddable":true,"href":"https:\/\/www.ministeriodegobierno.gob.ec\/derechoshumanos\/wp-json\/wp\/v2\/tags?post=10207"}],"curies":[{"name":"wp","href":"https:\/\/api.w.org\/{rel}","templated":true}]}}