{"id":10210,"date":"2021-09-16T17:23:45","date_gmt":"2021-09-16T22:23:45","guid":{"rendered":"https:\/\/www.derechoshumanos.gob.ec\/?p=10210"},"modified":"2021-09-16T17:23:46","modified_gmt":"2021-09-16T22:23:46","slug":"anezka-giovanna-bello-espinoza-es-designada-como-directora-de-la-zona-8-de-la-secretaria-de-derechos-humanos","status":"publish","type":"post","link":"https:\/\/www.ministeriodegobierno.gob.ec\/derechoshumanos\/2021\/09\/16\/anezka-giovanna-bello-espinoza-es-designada-como-directora-de-la-zona-8-de-la-secretaria-de-derechos-humanos\/","title":{"rendered":"ANEZKA GIOVANNA BELLO ESPINOZA ES DESIGNADA COMO DIRECTORA DE LA ZONA 8 DE LA SECRETAR\u00cdA DE DERECHOS HUMANOS"},"content":{"rendered":"\n<p class=\"wp-block-paragraph\"><\/p>\n\n\n\n<p class=\"wp-block-paragraph\">A partir del 13 de septiembre de 2021, Anezka Giovanna Bello Espinoza, fue designada como Directora Zonal 8, que comprende los cantones de Guayaquil, Dur\u00e1n y Samborond\u00f3n,&nbsp; de la provincia del Guayas.<\/p>\n\n\n\n<p class=\"wp-block-paragraph\">La responsable es abogada titulada en la Universidad Particular de Especialidades Esp\u00edritu Santo y cuenta con un diplomado en Derechos Humanos avalado por la Universidad de Zaragoza y el Centro Latinoamericano de Derechos Humanos.<\/p>\n\n\n\n<p class=\"wp-block-paragraph\">En el a\u00f1o 2016, en calidad de Parlamentaria Andina Universitaria, represent\u00f3 al Ecuador en el \u201cEncuentro Andino de J\u00f3venes L\u00edderes por la Paz y el Postconflicto\u201d que tuvo lugar en Bogot\u00e1-Colombia.<\/p>\n\n\n\n<p class=\"wp-block-paragraph\">Tiene Experiencia Profesional tanto en el sector p\u00fablico como privado, entre las principales:<\/p>\n\n\n\n<ul class=\"wp-block-list\"><li>Abogada de la Direcci\u00f3n de Asesor\u00eda Jur\u00eddica, Patrocinio y Coactivas de la Empresa P\u00fablica del Agua EPA EP.<\/li><li>Abogada asociada junior del estudio jur\u00eddico Ferre Abogados.<\/li><\/ul>\n\n\n\n<p class=\"wp-block-paragraph\">Adem\u00e1s, tiene experiencia en proyectos de ayuda humanitaria con fundaciones nacionales e internacionales.<\/p>\n\n\n\n<p class=\"wp-block-paragraph\">\u201cDesde la Direcci\u00f3n Zonal 8 trabajaremos arduamente para lograr la vigencia de los derechos de todas y todos. Nuestra meta es ser puente entre el Estado y la sociedad civil para articular y sumar acciones enfocadas a lograr la reivindicaci\u00f3n de derechos de los grupos vulnerables, la erradicaci\u00f3n de la violencia en todas sus formas y en lograr una sociedad m\u00e1s incluyente\u201d, se\u00f1al\u00f3 la Directora Zonal 8.<\/p>\n\n\n\n<p class=\"wp-block-paragraph\">En la Zona 8, esta cartera de Estado cuenta con tres puntos de atenci\u00f3n del Servicio de Protecci\u00f3n Integral (SPI), en Guayaquil con las oficinas del Centro-Sur y Norte, en Dur\u00e1n con una oficina, la cual adem\u00e1s atiende los casos de Samborond\u00f3n.<\/p>\n\n\n\n<p class=\"wp-block-paragraph\">El SPI brinda atenci\u00f3n especializada y oportuna a ni\u00f1as, ni\u00f1os, adolescentes, mujeres, adultos mayores, personas con discapacidades, en situaci\u00f3n de movilidad humana&nbsp; sobrevivientes de todo tipo de violencia.<\/p>\n","protected":false},"excerpt":{"rendered":"<p class=\"excerpt\">A partir del 13 de septiembre de 2021, Anezka Giovanna Bello Espinoza, fue designada como Directora Zonal 8, que comprende los cantones de Guayaquil, Dur\u00e1n y Samborond\u00f3n,&nbsp; de la provincia del Guayas. La responsable es abogada titulada en la Universidad Particular de Especialidades Esp\u00edritu Santo y cuenta con un diplomado en Derechos Humanos avalado por la Universidad de Zaragoza y&hellip; <a href=\"https:\/\/www.ministeriodegobierno.gob.ec\/derechoshumanos\/2021\/09\/16\/anezka-giovanna-bello-espinoza-es-designada-como-directora-de-la-zona-8-de-la-secretaria-de-derechos-humanos\/\">Read more &rarr;<\/a><\/p>\n","protected":false},"author":6,"featured_media":10212,"comment_status":"closed","ping_status":"closed","sticky":false,"template":"","format":"standard","meta":{"footnotes":""},"categories":[20,5,6],"tags":[],"class_list":["post-10210","post","type-post","status-publish","format-standard","has-post-thumbnail","hentry","category-boletin-de-prensa","category-noticias","category-noticias-destacadas","xfolkentry"],"_links":{"self":[{"href":"https:\/\/www.ministeriodegobierno.gob.ec\/derechoshumanos\/wp-json\/wp\/v2\/posts\/10210","targetHints":{"allow":["GET"]}}],"collection":[{"href":"https:\/\/www.ministeriodegobierno.gob.ec\/derechoshumanos\/wp-json\/wp\/v2\/posts"}],"about":[{"href":"https:\/\/www.ministeriodegobierno.gob.ec\/derechoshumanos\/wp-json\/wp\/v2\/types\/post"}],"author":[{"embeddable":true,"href":"https:\/\/www.ministeriodegobierno.gob.ec\/derechoshumanos\/wp-json\/wp\/v2\/users\/6"}],"replies":[{"embeddable":true,"href":"https:\/\/www.ministeriodegobierno.gob.ec\/derechoshumanos\/wp-json\/wp\/v2\/comments?post=10210"}],"version-history":[{"count":1,"href":"https:\/\/www.ministeriodegobierno.gob.ec\/derechoshumanos\/wp-json\/wp\/v2\/posts\/10210\/revisions"}],"predecessor-version":[{"id":10213,"href":"https:\/\/www.ministeriodegobierno.gob.ec\/derechoshumanos\/wp-json\/wp\/v2\/posts\/10210\/revisions\/10213"}],"wp:featuredmedia":[{"embeddable":true,"href":"https:\/\/www.ministeriodegobierno.gob.ec\/derechoshumanos\/wp-json\/wp\/v2\/media\/10212"}],"wp:attachment":[{"href":"https:\/\/www.ministeriodegobierno.gob.ec\/derechoshumanos\/wp-json\/wp\/v2\/media?parent=10210"}],"wp:term":[{"taxonomy":"category","embeddable":true,"href":"https:\/\/www.ministeriodegobierno.gob.ec\/derechoshumanos\/wp-json\/wp\/v2\/categories?post=10210"},{"taxonomy":"post_tag","embeddable":true,"href":"https:\/\/www.ministeriodegobierno.gob.ec\/derechoshumanos\/wp-json\/wp\/v2\/tags?post=10210"}],"curies":[{"name":"wp","href":"https:\/\/api.w.org\/{rel}","templated":true}]}}