{"id":10214,"date":"2021-09-17T14:22:03","date_gmt":"2021-09-17T19:22:03","guid":{"rendered":"https:\/\/www.derechoshumanos.gob.ec\/?p=10214"},"modified":"2021-09-17T14:37:18","modified_gmt":"2021-09-17T19:37:18","slug":"ecuador-participa-en-la-conmemoracion-del-vigesimo-aniversario-de-la-carta-democratica-interamericana","status":"publish","type":"post","link":"https:\/\/www.ministeriodegobierno.gob.ec\/derechoshumanos\/2021\/09\/17\/ecuador-participa-en-la-conmemoracion-del-vigesimo-aniversario-de-la-carta-democratica-interamericana\/","title":{"rendered":"ECUADOR PARTICIPA EN LA CONMEMORACI\u00d3N DEL VIG\u00c9SIMO ANIVERSARIO DE LA CARTA DEMOCR\u00c1TICA INTERAMERICANA"},"content":{"rendered":"\n<p class=\"wp-block-paragraph\"><strong>Quito, Ecuador. \u2013<\/strong> La Secretaria de Derechos Humanos del Ecuador, Bernarda Ord\u00f3\u00f1ez Moscoso, particip\u00f3 en la sesi\u00f3n extraordinaria del Consejo Permanente de la Organizaci\u00f3n de los Estados Americanos (OEA) para conmemorar el vig\u00e9simo aniversario de la Carta Democr\u00e1tica Interamericana, la cual fue adoptada el 11 de septiembre de 2001 en Lima y es un instrumento del Sistema Interamericano de Derechos Humanos que reconoce el derecho de los pueblos de Am\u00e9rica a la democracia y la obligaci\u00f3n de sus gobiernos de promoverla y defenderla.<\/p>\n\n\n\n<p class=\"wp-block-paragraph\">En representaci\u00f3n de Ecuador, la Ministra Ord\u00f3\u00f1ez agradeci\u00f3 la oportunidad de representar a los 17 millones de ecuatorianos y se\u00f1al\u00f3 que el Gobierno del Encuentro tiene el compromiso de promover y fortalecer los principios, pr\u00e1cticas y cultura democr\u00e1tica como pa\u00eds parte de los Estados Americanos. \u201c<em>La Organizaci\u00f3n de Estados Americanos ha logrado establecer mecanismos que construyen pa\u00edses democr\u00e1ticos, por ello es digno reconocer el liderazgo de la OEA. La Carta Democr\u00e1tica Interamericana abri\u00f3 el camino y perfeccion\u00f3 la evoluci\u00f3n de la protecci\u00f3n de los derechos humanos dentro del Sistema Interamericano, consolidando una indisoluble relaci\u00f3n entre democracia y derechos humanos, que es un elemento omnipresente en la Carta\u201d,<\/em> acot\u00f3.<\/p>\n\n\n\n<p class=\"wp-block-paragraph\">En su intervenci\u00f3n el Secretario General de la Organizaci\u00f3n de los Estados Americanos, Luis Almagro indic\u00f3 que la Carta es un instrumento necesario para hacer un frente conjunto a nuevas amenazas a la democracia y reafirma el compromiso de la OEA con la democracia representativa, enumera los elementos y fortalece los medios para asistir a los Estados cuando conozcan riesgos en sus procesos pol\u00edticos.<\/p>\n\n\n\n<p class=\"wp-block-paragraph\">El Ecuador conmemora los 20 a\u00f1os de la vigencia de la Carta Democr\u00e1tica Interamericana recordando su relevancia hist\u00f3rica y los cuatro principales pilares de la OEA: Defensa, preservaci\u00f3n fortalecimiento y consolidaci\u00f3n de la democracia; Protecci\u00f3n y promoci\u00f3n de los derechos humanos; Preservaci\u00f3n de la seguridad y paz en el hemisferio; Desarrollo Integral.<\/p>\n\n\n\n<p class=\"wp-block-paragraph\">El evento virtual estuvo liderado por el Presidente del Consejo Permanente de la OEA, Harold Forsyth, y cont\u00f3 con intervenciones de altas autoridades de Estado de los pa\u00edses de Colombia, Guatemala, Per\u00fa, Costa Rica, Ecuador, de la Comunidad del Caribe (CARICOM); as\u00ed como, del Representante Permanente del Per\u00fa ante la Organizaci\u00f3n de las Naciones Unidas, Manuel Rodr\u00edguez.<\/p>\n","protected":false},"excerpt":{"rendered":"<p class=\"excerpt\">Quito, Ecuador. \u2013 La Secretaria de Derechos Humanos del Ecuador, Bernarda Ord\u00f3\u00f1ez Moscoso, particip\u00f3 en la sesi\u00f3n extraordinaria del Consejo Permanente de la Organizaci\u00f3n de los Estados Americanos (OEA) para conmemorar el vig\u00e9simo aniversario de la Carta Democr\u00e1tica Interamericana, la cual fue adoptada el 11 de septiembre de 2001 en Lima y es un instrumento del Sistema Interamericano de Derechos&hellip; <a href=\"https:\/\/www.ministeriodegobierno.gob.ec\/derechoshumanos\/2021\/09\/17\/ecuador-participa-en-la-conmemoracion-del-vigesimo-aniversario-de-la-carta-democratica-interamericana\/\">Read more &rarr;<\/a><\/p>\n","protected":false},"author":6,"featured_media":10215,"comment_status":"closed","ping_status":"closed","sticky":false,"template":"","format":"standard","meta":{"footnotes":""},"categories":[20,5,6],"tags":[],"class_list":["post-10214","post","type-post","status-publish","format-standard","has-post-thumbnail","hentry","category-boletin-de-prensa","category-noticias","category-noticias-destacadas","xfolkentry"],"_links":{"self":[{"href":"https:\/\/www.ministeriodegobierno.gob.ec\/derechoshumanos\/wp-json\/wp\/v2\/posts\/10214","targetHints":{"allow":["GET"]}}],"collection":[{"href":"https:\/\/www.ministeriodegobierno.gob.ec\/derechoshumanos\/wp-json\/wp\/v2\/posts"}],"about":[{"href":"https:\/\/www.ministeriodegobierno.gob.ec\/derechoshumanos\/wp-json\/wp\/v2\/types\/post"}],"author":[{"embeddable":true,"href":"https:\/\/www.ministeriodegobierno.gob.ec\/derechoshumanos\/wp-json\/wp\/v2\/users\/6"}],"replies":[{"embeddable":true,"href":"https:\/\/www.ministeriodegobierno.gob.ec\/derechoshumanos\/wp-json\/wp\/v2\/comments?post=10214"}],"version-history":[{"count":2,"href":"https:\/\/www.ministeriodegobierno.gob.ec\/derechoshumanos\/wp-json\/wp\/v2\/posts\/10214\/revisions"}],"predecessor-version":[{"id":10217,"href":"https:\/\/www.ministeriodegobierno.gob.ec\/derechoshumanos\/wp-json\/wp\/v2\/posts\/10214\/revisions\/10217"}],"wp:featuredmedia":[{"embeddable":true,"href":"https:\/\/www.ministeriodegobierno.gob.ec\/derechoshumanos\/wp-json\/wp\/v2\/media\/10215"}],"wp:attachment":[{"href":"https:\/\/www.ministeriodegobierno.gob.ec\/derechoshumanos\/wp-json\/wp\/v2\/media?parent=10214"}],"wp:term":[{"taxonomy":"category","embeddable":true,"href":"https:\/\/www.ministeriodegobierno.gob.ec\/derechoshumanos\/wp-json\/wp\/v2\/categories?post=10214"},{"taxonomy":"post_tag","embeddable":true,"href":"https:\/\/www.ministeriodegobierno.gob.ec\/derechoshumanos\/wp-json\/wp\/v2\/tags?post=10214"}],"curies":[{"name":"wp","href":"https:\/\/api.w.org\/{rel}","templated":true}]}}