{"id":10220,"date":"2021-09-22T14:46:45","date_gmt":"2021-09-22T19:46:45","guid":{"rendered":"https:\/\/www.derechoshumanos.gob.ec\/?p=10220"},"modified":"2021-09-22T14:48:48","modified_gmt":"2021-09-22T19:48:48","slug":"secretaria-de-derechos-humanos-y-consejo-de-comunicacion-desarrollan-capacitacion-sobre-contenidos-con-enfoque-de-genero-y-derechos-humanos","status":"publish","type":"post","link":"https:\/\/www.ministeriodegobierno.gob.ec\/derechoshumanos\/2021\/09\/22\/secretaria-de-derechos-humanos-y-consejo-de-comunicacion-desarrollan-capacitacion-sobre-contenidos-con-enfoque-de-genero-y-derechos-humanos\/","title":{"rendered":"SECRETAR\u00cdA DE DERECHOS HUMANOS Y CONSEJO DE COMUNICACI\u00d3N DESARROLLAN CAPACITACI\u00d3N SOBRE CONTENIDOS CON ENFOQUE DE G\u00c9NERO Y DERECHOS HUMANOS"},"content":{"rendered":"\n<p class=\"wp-block-paragraph\">Quito, Ecuador. \u2013 La Secretar\u00eda de Derechos Humanos junto al Consejo de Comunicaci\u00f3n han desarrollado desde del 16 de septiembre al 07 de octubre, el Plan de Asistencias T\u00e9cnicas sobre Contenidos Comunicacionales con Enfoque de G\u00e9nero y Derechos Humanos, con el objetivo de reforzar los conocimientos de los comunicadores y comunicadoras de las instituciones p\u00fablicas.<\/p>\n\n\n\n<p class=\"wp-block-paragraph\"><br>Los talleres se realizan de manera virtual y se tratan temas sobre: imaginarios de g\u00e9nero; violencia de g\u00e9nero y tratamiento informativo; violencia de g\u00e9nero; y pol\u00edticas p\u00fablicas y g\u00e9nero. La capacitaci\u00f3n cuenta con el aval de la Universidad Internacional del Ecuador.<\/p>\n\n\n\n<p class=\"wp-block-paragraph\"><br>Para la Subsecretaria de Prevenci\u00f3n y Erradicaci\u00f3n de la Violencia contra Mujeres, Ni\u00f1as, Ni\u00f1os y Adolescentes, Lorena Escobar, por medio de este espacio se busca contribuir a la prevenci\u00f3n de la violencia contra las mujeres mediante el dise\u00f1o de productos comunicacionales efectivo. \u00abEsperamos que este proceso de sensibilizaci\u00f3n y fortalecimiento de capacidades sea de mucha utilidad para generar contenidos que ayuden a desnaturalizar la violencia contra las mujeres\u00bb, se\u00f1al\u00f3.<\/p>\n\n\n\n<p class=\"wp-block-paragraph\"><br>El Plan de Capacitaci\u00f3n se desarrolla en el marco del convenio de cooperaci\u00f3n interinstitucional para promover contenidos libres de violencia y articular estrategias para fortalecer los derechos a la comunicaci\u00f3n; alianza que permite el cumplimiento de la Ley Org\u00e1nica Integral para la Prevenci\u00f3n y Erradicaci\u00f3n de la Violencia contra las Mujeres.<\/p>\n","protected":false},"excerpt":{"rendered":"<p class=\"excerpt\">Quito, Ecuador. \u2013 La Secretar\u00eda de Derechos Humanos junto al Consejo de Comunicaci\u00f3n han desarrollado desde del 16 de septiembre al 07 de octubre, el Plan de Asistencias T\u00e9cnicas sobre Contenidos Comunicacionales con Enfoque de G\u00e9nero y Derechos Humanos, con el objetivo de reforzar los conocimientos de los comunicadores y comunicadoras de las instituciones p\u00fablicas. Los talleres se realizan de&hellip; <a href=\"https:\/\/www.ministeriodegobierno.gob.ec\/derechoshumanos\/2021\/09\/22\/secretaria-de-derechos-humanos-y-consejo-de-comunicacion-desarrollan-capacitacion-sobre-contenidos-con-enfoque-de-genero-y-derechos-humanos\/\">Read more &rarr;<\/a><\/p>\n","protected":false},"author":10,"featured_media":10221,"comment_status":"closed","ping_status":"closed","sticky":false,"template":"","format":"standard","meta":{"footnotes":""},"categories":[20,5,6],"tags":[],"class_list":["post-10220","post","type-post","status-publish","format-standard","has-post-thumbnail","hentry","category-boletin-de-prensa","category-noticias","category-noticias-destacadas","xfolkentry"],"_links":{"self":[{"href":"https:\/\/www.ministeriodegobierno.gob.ec\/derechoshumanos\/wp-json\/wp\/v2\/posts\/10220","targetHints":{"allow":["GET"]}}],"collection":[{"href":"https:\/\/www.ministeriodegobierno.gob.ec\/derechoshumanos\/wp-json\/wp\/v2\/posts"}],"about":[{"href":"https:\/\/www.ministeriodegobierno.gob.ec\/derechoshumanos\/wp-json\/wp\/v2\/types\/post"}],"author":[{"embeddable":true,"href":"https:\/\/www.ministeriodegobierno.gob.ec\/derechoshumanos\/wp-json\/wp\/v2\/users\/10"}],"replies":[{"embeddable":true,"href":"https:\/\/www.ministeriodegobierno.gob.ec\/derechoshumanos\/wp-json\/wp\/v2\/comments?post=10220"}],"version-history":[{"count":3,"href":"https:\/\/www.ministeriodegobierno.gob.ec\/derechoshumanos\/wp-json\/wp\/v2\/posts\/10220\/revisions"}],"predecessor-version":[{"id":10224,"href":"https:\/\/www.ministeriodegobierno.gob.ec\/derechoshumanos\/wp-json\/wp\/v2\/posts\/10220\/revisions\/10224"}],"wp:featuredmedia":[{"embeddable":true,"href":"https:\/\/www.ministeriodegobierno.gob.ec\/derechoshumanos\/wp-json\/wp\/v2\/media\/10221"}],"wp:attachment":[{"href":"https:\/\/www.ministeriodegobierno.gob.ec\/derechoshumanos\/wp-json\/wp\/v2\/media?parent=10220"}],"wp:term":[{"taxonomy":"category","embeddable":true,"href":"https:\/\/www.ministeriodegobierno.gob.ec\/derechoshumanos\/wp-json\/wp\/v2\/categories?post=10220"},{"taxonomy":"post_tag","embeddable":true,"href":"https:\/\/www.ministeriodegobierno.gob.ec\/derechoshumanos\/wp-json\/wp\/v2\/tags?post=10220"}],"curies":[{"name":"wp","href":"https:\/\/api.w.org\/{rel}","templated":true}]}}