{"id":10225,"date":"2021-09-26T08:56:47","date_gmt":"2021-09-26T13:56:47","guid":{"rendered":"https:\/\/www.derechoshumanos.gob.ec\/?p=10225"},"modified":"2021-09-26T08:56:48","modified_gmt":"2021-09-26T13:56:48","slug":"gobierno-del-encuentro-activara-el-sistema-nacional-integral-para-prevenir-y-erradicar-la-violencia-contra-las-mujeres","status":"publish","type":"post","link":"https:\/\/www.ministeriodegobierno.gob.ec\/derechoshumanos\/2021\/09\/26\/gobierno-del-encuentro-activara-el-sistema-nacional-integral-para-prevenir-y-erradicar-la-violencia-contra-las-mujeres\/","title":{"rendered":"GOBIERNO DEL ENCUENTRO ACTIVAR\u00c1 EL SISTEMA NACIONAL INTEGRAL PARA PREVENIR Y ERRADICAR LA VIOLENCIA CONTRA LAS MUJERES"},"content":{"rendered":"\n<p class=\"wp-block-paragraph\"><strong>Quito, Ecuador. \u2013<\/strong> El Gobierno del Encuentro, liderado por el presidente Guillermo Lasso, est\u00e1 comprometido con los derechos de las ni\u00f1as, ni\u00f1os, adolescentes y mujeres, por lo que promueve una pol\u00edtica de Estado en garant\u00eda de la equidad, la justicia y una vida libre de violencia. Como parte de este objetivo, este lunes 27 de septiembre de 2021, a las 11:00, se activar\u00e1 el Sistema Nacional Integral para Prevenir y Erradicar la violencia contra las mujeres.<\/p>\n\n\n\n<p class=\"wp-block-paragraph\">El Presidente de la Rep\u00fablica &#8211; en el marco del Plan de Gobierno que tiene entre sus l\u00edneas de acci\u00f3n: \u201cFemicidios Cero\u201d- ha dispuesto la aplicaci\u00f3n de la Ley Org\u00e1nica para la Prevenci\u00f3n y Erradicaci\u00f3n de la Violencia contra las Mujeres; mediante la \u201cActivaci\u00f3n del Sistema Nacional de Prevenci\u00f3n y Erradicaci\u00f3n de la Violencia contra las Mujeres\u201d; adem\u00e1s, durante el evento se efectuar\u00e1 la firma del \u201cAcuerdo por la Implementaci\u00f3n del Registro \u00danico de Violencia\u201d.<\/p>\n\n\n\n<p class=\"wp-block-paragraph\">El Sistema Nacional para la Prevenci\u00f3n y Erradicaci\u00f3n de la Violencia contra las Mujeres tiene como funci\u00f3n coordinar, planificar, organizar y ejecutar acciones integrales vinculantes a todos los poderes del Estado para el efectivo ejercicio del derecho de las mujeres a una vida libre de violencia; mientras que el RUV es un registro de datos e informaci\u00f3n de actos, atenciones e intervenciones a mujeres v\u00edctimas de violencia basada en g\u00e9nero, que servir\u00e1 para la determinaci\u00f3n del estado de la problem\u00e1tica, as\u00ed como, para la planificaci\u00f3n y puesta en marcha de pol\u00edticas y estrategias que refuercen la prevenci\u00f3n y la erradicaci\u00f3n de la violencia contra las mujeres.<\/p>\n\n\n\n<p class=\"wp-block-paragraph\">Al comparar los datos de las encuestas de violencia contra las mujeres realizadas por el INEC entre el a\u00f1o 2011 y 2019, la violencia ha crecido en un 4.3% a nivel nacional. En lo que va del a\u00f1o 2021 han ocurrido 48 femicidios de los cuales el 59% de las v\u00edctimas eran madres, es decir que se dej\u00f3 en la orfandad y en mayor estado de vulnerabilidad a sus hijas e hijos con graves secuelas en sus vidas.<\/p>\n\n\n\n<p class=\"wp-block-paragraph\">En las \u00faltimas semanas se han identificado lamentables acontecimientos de violencia contra ni\u00f1as, ni\u00f1os y mujeres. Esta Cartera de Estado ha registrado seis muertes violentas de mujeres, presuntos femicidios: 1) una ni\u00f1a de 3 a\u00f1os fue v\u00edctima de abuso sexual con resultado de muerte en Loja, 2) joven de 26 a\u00f1os en El Guabo, 3) joven de 28 a\u00f1os en Yaguachi, 4) mujer de 31 a\u00f1os en Cayambe, 5) mujer de 38 a\u00f1os en Pasaje, 6) mujer de 47 a\u00f1os en Cascales.&nbsp; Adem\u00e1s, en el mismo per\u00edodo, se conoci\u00f3 que dos hermanos de 6 y 8 a\u00f1os fueron v\u00edctimas de violencia extrema y abuso sexual en Naranjal.<\/p>\n\n\n\n<p class=\"wp-block-paragraph\">Antes estos sucesos, la respuesta del Gobierno es inmediata, por lo que la Secretar\u00eda de Derechos Humanos activa de manera urgente este sistema. El Ejecutivo, dentro de sus primeros meses de gesti\u00f3n, har\u00e1 realidad una deuda hist\u00f3rica, que constituye un compromiso de las instituciones del Estado de trabajar con todo rigor y sentido de urgencia ante los hechos de violencia que dejan graves afectaciones a la sociedad.<\/p>\n","protected":false},"excerpt":{"rendered":"<p class=\"excerpt\">Quito, Ecuador. \u2013 El Gobierno del Encuentro, liderado por el presidente Guillermo Lasso, est\u00e1 comprometido con los derechos de las ni\u00f1as, ni\u00f1os, adolescentes y mujeres, por lo que promueve una pol\u00edtica de Estado en garant\u00eda de la equidad, la justicia y una vida libre de violencia. Como parte de este objetivo, este lunes 27 de septiembre de 2021, a las&hellip; <a href=\"https:\/\/www.ministeriodegobierno.gob.ec\/derechoshumanos\/2021\/09\/26\/gobierno-del-encuentro-activara-el-sistema-nacional-integral-para-prevenir-y-erradicar-la-violencia-contra-las-mujeres\/\">Read more &rarr;<\/a><\/p>\n","protected":false},"author":10,"featured_media":10226,"comment_status":"closed","ping_status":"closed","sticky":false,"template":"","format":"standard","meta":{"footnotes":""},"categories":[20,5,6],"tags":[],"class_list":["post-10225","post","type-post","status-publish","format-standard","has-post-thumbnail","hentry","category-boletin-de-prensa","category-noticias","category-noticias-destacadas","xfolkentry"],"_links":{"self":[{"href":"https:\/\/www.ministeriodegobierno.gob.ec\/derechoshumanos\/wp-json\/wp\/v2\/posts\/10225","targetHints":{"allow":["GET"]}}],"collection":[{"href":"https:\/\/www.ministeriodegobierno.gob.ec\/derechoshumanos\/wp-json\/wp\/v2\/posts"}],"about":[{"href":"https:\/\/www.ministeriodegobierno.gob.ec\/derechoshumanos\/wp-json\/wp\/v2\/types\/post"}],"author":[{"embeddable":true,"href":"https:\/\/www.ministeriodegobierno.gob.ec\/derechoshumanos\/wp-json\/wp\/v2\/users\/10"}],"replies":[{"embeddable":true,"href":"https:\/\/www.ministeriodegobierno.gob.ec\/derechoshumanos\/wp-json\/wp\/v2\/comments?post=10225"}],"version-history":[{"count":1,"href":"https:\/\/www.ministeriodegobierno.gob.ec\/derechoshumanos\/wp-json\/wp\/v2\/posts\/10225\/revisions"}],"predecessor-version":[{"id":10227,"href":"https:\/\/www.ministeriodegobierno.gob.ec\/derechoshumanos\/wp-json\/wp\/v2\/posts\/10225\/revisions\/10227"}],"wp:featuredmedia":[{"embeddable":true,"href":"https:\/\/www.ministeriodegobierno.gob.ec\/derechoshumanos\/wp-json\/wp\/v2\/media\/10226"}],"wp:attachment":[{"href":"https:\/\/www.ministeriodegobierno.gob.ec\/derechoshumanos\/wp-json\/wp\/v2\/media?parent=10225"}],"wp:term":[{"taxonomy":"category","embeddable":true,"href":"https:\/\/www.ministeriodegobierno.gob.ec\/derechoshumanos\/wp-json\/wp\/v2\/categories?post=10225"},{"taxonomy":"post_tag","embeddable":true,"href":"https:\/\/www.ministeriodegobierno.gob.ec\/derechoshumanos\/wp-json\/wp\/v2\/tags?post=10225"}],"curies":[{"name":"wp","href":"https:\/\/api.w.org\/{rel}","templated":true}]}}