{"id":10228,"date":"2021-09-27T15:03:32","date_gmt":"2021-09-27T20:03:32","guid":{"rendered":"https:\/\/www.derechoshumanos.gob.ec\/?p=10228"},"modified":"2021-09-27T15:54:02","modified_gmt":"2021-09-27T20:54:02","slug":"erradicar-la-violencia-contra-las-mujeres-prioridad-para-el-gobierno-del-encuentro","status":"publish","type":"post","link":"https:\/\/www.ministeriodegobierno.gob.ec\/derechoshumanos\/2021\/09\/27\/erradicar-la-violencia-contra-las-mujeres-prioridad-para-el-gobierno-del-encuentro\/","title":{"rendered":"ERRADICAR LA VIOLENCIA CONTRA LAS MUJERES, PRIORIDAD PARA EL GOBIERNO DEL ENCUENTRO"},"content":{"rendered":"\n<p class=\"wp-block-paragraph\">El Gobierno del Encuentro realiz\u00f3 la Sesi\u00f3n del Sistema Nacional Integral para Prevenir y Erradicar la Violencia contra las Mujeres y promovi\u00f3 la firma del \u201cAcuerdo por la Implementaci\u00f3n del Registro \u00danico de Violencia\u201d; la sesi\u00f3n estuvo presidida por el Presidente de la Rep\u00fablica, Guillermo Lasso, y participaron altas autoridades de las 22 instituciones que forman parte del Sistema, el acto se desarroll\u00f3 este lunes 27 de septiembre de 2021, en el Palacio de Carondelet.<\/p>\n\n\n\n<p class=\"wp-block-paragraph\">La Secretaria de Derechos Humanos, Bernarda Ord\u00f3\u00f1ez Moscoso inici\u00f3 la sesi\u00f3n lamentando y rechazando los hechos acontecidos en la \u00faltima semana de septiembre, en torno a la violencia extrema que han sufrido ni\u00f1os, ni\u00f1as y mujeres. \u201cEl espacio que hoy nos convoca busca la respuesta del Estado frente a la violencia del Ecuador y que sea inmediata, eficiente, sensible, accionante; pues ser\u00e1 la \u00fanica forma de frenar esta segunda pandemia que tanto da\u00f1o ha causado y que tambi\u00e9n tiene un costo para el pa\u00eds\u201d, se\u00f1al\u00f3 la autoridad.<\/p>\n\n\n\n<p class=\"wp-block-paragraph\">Adem\u00e1s, dio a conocer que desde que se promulg\u00f3 la Ley Org\u00e1nica para la Prevenci\u00f3n y Erradicaci\u00f3n de la Violencia contra las Mujeres, se establec\u00eda que en seis meses ten\u00eda que estar en vigencia el Registro \u00danico de Violencia (RUV); la herramienta lleva tres a\u00f1os de retraso y constituye un proceso fundamental para la creaci\u00f3n de la pol\u00edtica p\u00fablica.<\/p>\n\n\n\n<p class=\"wp-block-paragraph\">Sobre el tema, la Ministra de Gobierno, Alexandra Vela, indic\u00f3 que el pa\u00eds enfrenta la cuarta urgencia de proteger la vida, la salud, el trabajo, la libertad de m\u00e1s de la mitad de los ecuatorianos y que en atenci\u00f3n a esa urgencia se firma el Acuerdo para la implementaci\u00f3n del RUV. &nbsp;\u201cSe\u00f1or Presidente debemos construir el camino para que las mujeres ecuatorianas de toda edad vivan con certeza de que su opci\u00f3n de vida ser\u00e1 respetada y no ser\u00e1n objeto de violencia\u201d asegur\u00f3.<\/p>\n\n\n\n<p class=\"wp-block-paragraph\">Finalmente, el Presidente de la Rep\u00fablica, Guillermo Lasso, asegur\u00f3 que es prioridad uno para el Gobierno atender la urgencia nacional de frenar los altos \u00edndices de violencia hacia las mujeres. \u201cEstamos dando pasos urgentes como poner en marcha el RUV, una deuda social que ning\u00fan Gobierno del pasado se ha interesado en pagar\u201d, precis\u00f3.<\/p>\n\n\n\n<p class=\"wp-block-paragraph\">El primer mandatario se\u00f1al\u00f3 que la violencia contra las mujeres no solo tiene afectaciones sociales sino tambi\u00e9n econ\u00f3micas, por eso, el Gobierno del Encuentro busca erradicar la violencia y desarrollar la econom\u00eda violeta, ejes que van de la mano, porque mientras existan m\u00e1s mujeres econ\u00f3micamente independientes habr\u00e1 m\u00e1s mujeres libres de sus agresores.<\/p>\n\n\n\n<p class=\"wp-block-paragraph\">Desde que se cre\u00f3 la Ley Org\u00e1nica para la Prevenci\u00f3n y Erradicaci\u00f3n de la Violencia contra las Mujeres es la primera vez que se sesiona con las m\u00e1ximas autoridades y que se tiene el liderazgo del Presidente en este tema tan sensible, as\u00ed tambi\u00e9n, la firma del Acuerdo para la implementaci\u00f3n del RUV es una respuesta para las mujeres y para la ciudadan\u00eda que exigen mejores y mayores resultados del Estado.<\/p>\n","protected":false},"excerpt":{"rendered":"<p class=\"excerpt\">El Gobierno del Encuentro realiz\u00f3 la Sesi\u00f3n del Sistema Nacional Integral para Prevenir y Erradicar la Violencia contra las Mujeres y promovi\u00f3 la firma del \u201cAcuerdo por la Implementaci\u00f3n del Registro \u00danico de Violencia\u201d; la sesi\u00f3n estuvo presidida por el Presidente de la Rep\u00fablica, Guillermo Lasso, y participaron altas autoridades de las 22 instituciones que forman parte del Sistema, el&hellip; <a href=\"https:\/\/www.ministeriodegobierno.gob.ec\/derechoshumanos\/2021\/09\/27\/erradicar-la-violencia-contra-las-mujeres-prioridad-para-el-gobierno-del-encuentro\/\">Read more &rarr;<\/a><\/p>\n","protected":false},"author":8,"featured_media":10229,"comment_status":"closed","ping_status":"closed","sticky":false,"template":"","format":"standard","meta":{"footnotes":""},"categories":[20,5,6],"tags":[],"class_list":["post-10228","post","type-post","status-publish","format-standard","has-post-thumbnail","hentry","category-boletin-de-prensa","category-noticias","category-noticias-destacadas","xfolkentry"],"_links":{"self":[{"href":"https:\/\/www.ministeriodegobierno.gob.ec\/derechoshumanos\/wp-json\/wp\/v2\/posts\/10228","targetHints":{"allow":["GET"]}}],"collection":[{"href":"https:\/\/www.ministeriodegobierno.gob.ec\/derechoshumanos\/wp-json\/wp\/v2\/posts"}],"about":[{"href":"https:\/\/www.ministeriodegobierno.gob.ec\/derechoshumanos\/wp-json\/wp\/v2\/types\/post"}],"author":[{"embeddable":true,"href":"https:\/\/www.ministeriodegobierno.gob.ec\/derechoshumanos\/wp-json\/wp\/v2\/users\/8"}],"replies":[{"embeddable":true,"href":"https:\/\/www.ministeriodegobierno.gob.ec\/derechoshumanos\/wp-json\/wp\/v2\/comments?post=10228"}],"version-history":[{"count":3,"href":"https:\/\/www.ministeriodegobierno.gob.ec\/derechoshumanos\/wp-json\/wp\/v2\/posts\/10228\/revisions"}],"predecessor-version":[{"id":10232,"href":"https:\/\/www.ministeriodegobierno.gob.ec\/derechoshumanos\/wp-json\/wp\/v2\/posts\/10228\/revisions\/10232"}],"wp:featuredmedia":[{"embeddable":true,"href":"https:\/\/www.ministeriodegobierno.gob.ec\/derechoshumanos\/wp-json\/wp\/v2\/media\/10229"}],"wp:attachment":[{"href":"https:\/\/www.ministeriodegobierno.gob.ec\/derechoshumanos\/wp-json\/wp\/v2\/media?parent=10228"}],"wp:term":[{"taxonomy":"category","embeddable":true,"href":"https:\/\/www.ministeriodegobierno.gob.ec\/derechoshumanos\/wp-json\/wp\/v2\/categories?post=10228"},{"taxonomy":"post_tag","embeddable":true,"href":"https:\/\/www.ministeriodegobierno.gob.ec\/derechoshumanos\/wp-json\/wp\/v2\/tags?post=10228"}],"curies":[{"name":"wp","href":"https:\/\/api.w.org\/{rel}","templated":true}]}}