{"id":10233,"date":"2021-09-29T16:27:46","date_gmt":"2021-09-29T21:27:46","guid":{"rendered":"https:\/\/www.derechoshumanos.gob.ec\/?p=10233"},"modified":"2021-09-29T16:27:47","modified_gmt":"2021-09-29T21:27:47","slug":"la-secretaria-de-derechos-humanos-participo-en-la-casa-abierta-duran-juventud-emprendedora","status":"publish","type":"post","link":"https:\/\/www.ministeriodegobierno.gob.ec\/derechoshumanos\/2021\/09\/29\/la-secretaria-de-derechos-humanos-participo-en-la-casa-abierta-duran-juventud-emprendedora\/","title":{"rendered":"LA SECRETAR\u00cdA DE DERECHOS HUMANOS PARTICIP\u00d3 EN LA CASA ABIERTA \u201cDUR\u00c1N, JUVENTUD EMPRENDEDORA\u201d"},"content":{"rendered":"\n<p class=\"wp-block-paragraph\"><\/p>\n\n\n\n<p class=\"wp-block-paragraph\">La Secretar\u00eda de Derechos Humanos por medio de la Direcci\u00f3n Zonal 8 particip\u00f3 en la Casa Abierta denominada \u201cDur\u00e1n, Juventud Emprendedora\u201d, que tuvo como finalidad invitar a la ciudadan\u00eda a que conozca los servicios que brindan las Instituciones que conforman el Sistema de Protecci\u00f3n de Derechos.<\/p>\n\n\n\n<p class=\"wp-block-paragraph\">En el stand de esta cartera de Estado, el personal del Servicio de Protecci\u00f3n Integral expuso las competencias de la instituci\u00f3n e insisti\u00f3 sobre la importancia de la prevenci\u00f3n y erradicaci\u00f3n de la violencia contra ni\u00f1as, ni\u00f1os, adolescentes y mujeres.<\/p>\n\n\n\n<p class=\"wp-block-paragraph\">Asimismo, se detall\u00f3 las rutas de atenci\u00f3n y denuncia en casos de violencia, as\u00ed como las fases del c\u00edrculo de violencia y como constituir redes de apoyo para sobrevivientes.<\/p>\n\n\n\n<p class=\"wp-block-paragraph\">Al respecto Jennifer Soto Palma, Directora Zonal 8 (e) se\u00f1al\u00f3: \u201cEs muy importante este tipo de actividades para dar a conocer a la ciudadan\u00eda los servicios que brindamos desde el Estado en casos de violencia o alg\u00fan otro tipo de vulneraci\u00f3n de derechos\u201d.<\/p>\n\n\n\n<p class=\"wp-block-paragraph\">Adem\u00e1s, j\u00f3venes emprendedores presentaron sus productos a la ciudadan\u00eda, con la finalidad de reactivar sus negocios, que se vieron afectados por la crisis sanitaria por el Covid-19. \u201cEsta actividad se cre\u00f3 para que la ciudadan\u00eda sepa que la juventud en Dur\u00e1n tiene un gran potencial y sean visibilizados sus emprendimientos y expresiones art\u00edsticas\u201d manifest\u00f3 Grace Palacios, coordinadora Consejo Cantonal de Protecci\u00f3n de Derechos de Dur\u00e1n.<\/p>\n\n\n\n<p class=\"wp-block-paragraph\">Esta Casa Abierta fue organizada por el Consejo Consultivo de J\u00f3venes, el Consejo Cantonal de Protecci\u00f3n de Derechos y el Municipio de Dur\u00e1n.<\/p>\n","protected":false},"excerpt":{"rendered":"<p class=\"excerpt\">La Secretar\u00eda de Derechos Humanos por medio de la Direcci\u00f3n Zonal 8 particip\u00f3 en la Casa Abierta denominada \u201cDur\u00e1n, Juventud Emprendedora\u201d, que tuvo como finalidad invitar a la ciudadan\u00eda a que conozca los servicios que brindan las Instituciones que conforman el Sistema de Protecci\u00f3n de Derechos. En el stand de esta cartera de Estado, el personal del Servicio de Protecci\u00f3n&hellip; <a href=\"https:\/\/www.ministeriodegobierno.gob.ec\/derechoshumanos\/2021\/09\/29\/la-secretaria-de-derechos-humanos-participo-en-la-casa-abierta-duran-juventud-emprendedora\/\">Read more &rarr;<\/a><\/p>\n","protected":false},"author":6,"featured_media":10234,"comment_status":"closed","ping_status":"closed","sticky":false,"template":"","format":"standard","meta":{"footnotes":""},"categories":[20,5,6],"tags":[],"class_list":["post-10233","post","type-post","status-publish","format-standard","has-post-thumbnail","hentry","category-boletin-de-prensa","category-noticias","category-noticias-destacadas","xfolkentry"],"_links":{"self":[{"href":"https:\/\/www.ministeriodegobierno.gob.ec\/derechoshumanos\/wp-json\/wp\/v2\/posts\/10233","targetHints":{"allow":["GET"]}}],"collection":[{"href":"https:\/\/www.ministeriodegobierno.gob.ec\/derechoshumanos\/wp-json\/wp\/v2\/posts"}],"about":[{"href":"https:\/\/www.ministeriodegobierno.gob.ec\/derechoshumanos\/wp-json\/wp\/v2\/types\/post"}],"author":[{"embeddable":true,"href":"https:\/\/www.ministeriodegobierno.gob.ec\/derechoshumanos\/wp-json\/wp\/v2\/users\/6"}],"replies":[{"embeddable":true,"href":"https:\/\/www.ministeriodegobierno.gob.ec\/derechoshumanos\/wp-json\/wp\/v2\/comments?post=10233"}],"version-history":[{"count":1,"href":"https:\/\/www.ministeriodegobierno.gob.ec\/derechoshumanos\/wp-json\/wp\/v2\/posts\/10233\/revisions"}],"predecessor-version":[{"id":10235,"href":"https:\/\/www.ministeriodegobierno.gob.ec\/derechoshumanos\/wp-json\/wp\/v2\/posts\/10233\/revisions\/10235"}],"wp:featuredmedia":[{"embeddable":true,"href":"https:\/\/www.ministeriodegobierno.gob.ec\/derechoshumanos\/wp-json\/wp\/v2\/media\/10234"}],"wp:attachment":[{"href":"https:\/\/www.ministeriodegobierno.gob.ec\/derechoshumanos\/wp-json\/wp\/v2\/media?parent=10233"}],"wp:term":[{"taxonomy":"category","embeddable":true,"href":"https:\/\/www.ministeriodegobierno.gob.ec\/derechoshumanos\/wp-json\/wp\/v2\/categories?post=10233"},{"taxonomy":"post_tag","embeddable":true,"href":"https:\/\/www.ministeriodegobierno.gob.ec\/derechoshumanos\/wp-json\/wp\/v2\/tags?post=10233"}],"curies":[{"name":"wp","href":"https:\/\/api.w.org\/{rel}","templated":true}]}}