{"id":10236,"date":"2021-09-29T16:33:20","date_gmt":"2021-09-29T21:33:20","guid":{"rendered":"https:\/\/www.derechoshumanos.gob.ec\/?p=10236"},"modified":"2021-09-29T16:33:20","modified_gmt":"2021-09-29T21:33:20","slug":"comunidad-del-conjunto-habitacional-tosagua-se-capacita-en-el-taller-de-masculinidades-no-violentas-que-respetan-y-promueven-la-igualdad","status":"publish","type":"post","link":"https:\/\/www.ministeriodegobierno.gob.ec\/derechoshumanos\/2021\/09\/29\/comunidad-del-conjunto-habitacional-tosagua-se-capacita-en-el-taller-de-masculinidades-no-violentas-que-respetan-y-promueven-la-igualdad\/","title":{"rendered":"Comunidad del Conjunto Habitacional Tosagua se capacita en el taller de Masculinidades no Violentas que Respetan y Promueven la Igualdad"},"content":{"rendered":"\n<p class=\"wp-block-paragraph\"><\/p>\n\n\n\n<p class=\"wp-block-paragraph\">La Oficina T\u00e9cnica de Derechos Humanos de la Zona 4, conjuntamente con el Ministerio de Desarrollo Urbano y Vivienda (MIDUVI), desarrollaron el taller de sensibilizaci\u00f3n sobre Masculinidades no Violentas, como un primer paso para realizar jornadas de sensibilizaci\u00f3n a mujeres, hombres, ni\u00f1as, ni\u00f1os y adolescentes del Conjunto Habitacional Tosagua.<\/p>\n\n\n\n<p class=\"wp-block-paragraph\">Este taller se realiz\u00f3 con la finalidad de dotar de herramientas a los Gestores de la Comunidad del Conjunto Habitacional Tosagua, y sensibilizar a los habitantes de la misma sobre temas de prevenci\u00f3n de violencia contra las mujeres y masculinidades no violentas, promoviendo hogares y comunidades de paz.<\/p>\n\n\n\n<p class=\"wp-block-paragraph\">El abogado Juan Carlos Pe\u00f1afiel, Coordinador de la Oficina T\u00e9cnica Zonal, manifest\u00f3 que \u201cla desconstrucci\u00f3n de patrones socioculturales machistas, es fundamental para la implementaci\u00f3n de nuevas formas de convivencia pac\u00edfica en hogares y comunidades, los hombres jugamos un rol fundamental en la promoci\u00f3n de espacios seguros y libres de violencia\u201d<\/p>\n\n\n\n<p class=\"wp-block-paragraph\">Esta actividad fue presencial en la casa comunal del Conjunto Habitacional, se trabaj\u00f3 alrededor de dos horas, donde se desarrollaron actividades de integraci\u00f3n entre los participantes, de igual manera se realiz\u00f3 la presentaci\u00f3n de diapositivas abordando las diferentes tem\u00e1ticas de masculinidades no violentas.<\/p>\n\n\n\n<p class=\"wp-block-paragraph\">Adem\u00e1s, se trataron diversos temas referentes a las&nbsp;&nbsp; masculinidades, entre ellos el sistema patriarcal, el machismo, masculinidad hegem\u00f3nica, masculinidades no violentas, rasgos de las masculinidades no violentas, cualidades de las masculinidades no violentas, diferencias entre la masculinidad hegem\u00f3nica y la masculinidad no violenta y parentalidad positiva.<\/p>\n","protected":false},"excerpt":{"rendered":"<p class=\"excerpt\">La Oficina T\u00e9cnica de Derechos Humanos de la Zona 4, conjuntamente con el Ministerio de Desarrollo Urbano y Vivienda (MIDUVI), desarrollaron el taller de sensibilizaci\u00f3n sobre Masculinidades no Violentas, como un primer paso para realizar jornadas de sensibilizaci\u00f3n a mujeres, hombres, ni\u00f1as, ni\u00f1os y adolescentes del Conjunto Habitacional Tosagua. Este taller se realiz\u00f3 con la finalidad de dotar de herramientas&hellip; <a href=\"https:\/\/www.ministeriodegobierno.gob.ec\/derechoshumanos\/2021\/09\/29\/comunidad-del-conjunto-habitacional-tosagua-se-capacita-en-el-taller-de-masculinidades-no-violentas-que-respetan-y-promueven-la-igualdad\/\">Read more &rarr;<\/a><\/p>\n","protected":false},"author":6,"featured_media":10237,"comment_status":"closed","ping_status":"closed","sticky":false,"template":"","format":"standard","meta":{"footnotes":""},"categories":[20,5,6],"tags":[],"class_list":["post-10236","post","type-post","status-publish","format-standard","has-post-thumbnail","hentry","category-boletin-de-prensa","category-noticias","category-noticias-destacadas","xfolkentry"],"_links":{"self":[{"href":"https:\/\/www.ministeriodegobierno.gob.ec\/derechoshumanos\/wp-json\/wp\/v2\/posts\/10236","targetHints":{"allow":["GET"]}}],"collection":[{"href":"https:\/\/www.ministeriodegobierno.gob.ec\/derechoshumanos\/wp-json\/wp\/v2\/posts"}],"about":[{"href":"https:\/\/www.ministeriodegobierno.gob.ec\/derechoshumanos\/wp-json\/wp\/v2\/types\/post"}],"author":[{"embeddable":true,"href":"https:\/\/www.ministeriodegobierno.gob.ec\/derechoshumanos\/wp-json\/wp\/v2\/users\/6"}],"replies":[{"embeddable":true,"href":"https:\/\/www.ministeriodegobierno.gob.ec\/derechoshumanos\/wp-json\/wp\/v2\/comments?post=10236"}],"version-history":[{"count":1,"href":"https:\/\/www.ministeriodegobierno.gob.ec\/derechoshumanos\/wp-json\/wp\/v2\/posts\/10236\/revisions"}],"predecessor-version":[{"id":10238,"href":"https:\/\/www.ministeriodegobierno.gob.ec\/derechoshumanos\/wp-json\/wp\/v2\/posts\/10236\/revisions\/10238"}],"wp:featuredmedia":[{"embeddable":true,"href":"https:\/\/www.ministeriodegobierno.gob.ec\/derechoshumanos\/wp-json\/wp\/v2\/media\/10237"}],"wp:attachment":[{"href":"https:\/\/www.ministeriodegobierno.gob.ec\/derechoshumanos\/wp-json\/wp\/v2\/media?parent=10236"}],"wp:term":[{"taxonomy":"category","embeddable":true,"href":"https:\/\/www.ministeriodegobierno.gob.ec\/derechoshumanos\/wp-json\/wp\/v2\/categories?post=10236"},{"taxonomy":"post_tag","embeddable":true,"href":"https:\/\/www.ministeriodegobierno.gob.ec\/derechoshumanos\/wp-json\/wp\/v2\/tags?post=10236"}],"curies":[{"name":"wp","href":"https:\/\/api.w.org\/{rel}","templated":true}]}}