{"id":10240,"date":"2021-09-29T16:47:38","date_gmt":"2021-09-29T21:47:38","guid":{"rendered":"https:\/\/www.derechoshumanos.gob.ec\/?p=10240"},"modified":"2021-09-29T16:47:39","modified_gmt":"2021-09-29T21:47:39","slug":"el-canton-ona-se-une-a-acciones-de-la-zona-6-para-erradicar-todos-los-tipos-de-violencia","status":"publish","type":"post","link":"https:\/\/www.ministeriodegobierno.gob.ec\/derechoshumanos\/2021\/09\/29\/el-canton-ona-se-une-a-acciones-de-la-zona-6-para-erradicar-todos-los-tipos-de-violencia\/","title":{"rendered":"EL CANT\u00d3N O\u00d1A SE UNE A ACCIONES DE LA ZONA 6 PARA ERRADICAR TODOS LOS TIPOS DE VIOLENCIA"},"content":{"rendered":"\n<p class=\"wp-block-paragraph\"><\/p>\n\n\n\n<p class=\"wp-block-paragraph\">La Directora Zonal 6 de la Secretar\u00eda de Derechos Humanos, Esperanza Neira Orellana, mantuvo varias reuniones con autoridades del cant\u00f3n O\u00f1a, en la provincia del Azuay, con la finalidad de dar a conocer las competencias y el trabajo que realiza la Secretar\u00eda de Derechos Humanos a trav\u00e9s de los Servicios de Protecci\u00f3n Integral, as\u00ed como concretar acuerdos &nbsp;interinstitucionales para la prevenci\u00f3n, atenci\u00f3n, protecci\u00f3n y restituci\u00f3n de los derechos de ni\u00f1as, ni\u00f1os, adolescentes y mujeres en condiciones de vulnerabilidad, quienes han sido o son v\u00edctimas y sobrevivientes de todo tipo de violencia.<\/p>\n\n\n\n<p class=\"wp-block-paragraph\">En primer lugar, se reuni\u00f3 con Iv\u00e1n Ullauri, Alcalde del Cant\u00f3n O\u00f1a, para articular acciones en la defensa de los grupos vulnerables del cant\u00f3n y sus parroquias, al igual que conocer la situaci\u00f3n e \u00edndices de violencia que actualmente se presentan en esa circunscripci\u00f3n territorial.<\/p>\n\n\n\n<p class=\"wp-block-paragraph\">Adem\u00e1s, particip\u00f3 en la conformaci\u00f3n de la Mesa Cantonal de Derechos y la Red de Protecci\u00f3n Intergeneracional, junto con representantes locales de las entidades que forman parte del Sistema Nacional Integral para Prevenir y Erradicar la Violencia Contra las Mujeres, esto con el fin de garantizar la prevenci\u00f3n, protecci\u00f3n, atenci\u00f3n, servicios y restituci\u00f3n integral de derechos de los ni\u00f1os, ni\u00f1as, adolescentes y mujeres que se encuentran en condiciones de vulnerabilidad.<\/p>\n\n\n\n<p class=\"wp-block-paragraph\">\u00abLa Secretar\u00eda de Derechos Humanos de la Zona 6, trabaja en todos los cantones de las provincias de Azuay, Ca\u00f1ar y Morona Santiago, con el prop\u00f3sito de ejecutar planes y estrategias de acci\u00f3n conjunta para prevenir y erradicar toda forma de violencia contra ni\u00f1as, ni\u00f1os, adolescentes y mujeres, as\u00ed conseguiremos que los derechos reconocidos en nuestra Constituci\u00f3n se conviertan en una realidad para todos\u00bb, manifest\u00f3 Esperanza Neira.<\/p>\n\n\n\n<p class=\"wp-block-paragraph\">Finalmente, la Directora de la Zona 6 se reuni\u00f3 con Marlene Calle, Bruno Donaula y Maritza Aguilar, Miembros de la Junta Cantonal de Protecci\u00f3n de Derechos del Cant\u00f3n O\u00f1a, para coordinar acciones que fortalezcan la atenci\u00f3n a v\u00edctimas de violencia. Entre los acuerdos se destaca el desarrollo de talleres de capacitaci\u00f3n en rutas de atenci\u00f3n y medidas administrativas de protecci\u00f3n inmediatas para la ciudadan\u00eda.<\/p>\n","protected":false},"excerpt":{"rendered":"<p class=\"excerpt\">La Directora Zonal 6 de la Secretar\u00eda de Derechos Humanos, Esperanza Neira Orellana, mantuvo varias reuniones con autoridades del cant\u00f3n O\u00f1a, en la provincia del Azuay, con la finalidad de dar a conocer las competencias y el trabajo que realiza la Secretar\u00eda de Derechos Humanos a trav\u00e9s de los Servicios de Protecci\u00f3n Integral, as\u00ed como concretar acuerdos &nbsp;interinstitucionales para la&hellip; <a href=\"https:\/\/www.ministeriodegobierno.gob.ec\/derechoshumanos\/2021\/09\/29\/el-canton-ona-se-une-a-acciones-de-la-zona-6-para-erradicar-todos-los-tipos-de-violencia\/\">Read more &rarr;<\/a><\/p>\n","protected":false},"author":6,"featured_media":10242,"comment_status":"closed","ping_status":"closed","sticky":false,"template":"","format":"standard","meta":{"footnotes":""},"categories":[20,5,6],"tags":[],"class_list":["post-10240","post","type-post","status-publish","format-standard","has-post-thumbnail","hentry","category-boletin-de-prensa","category-noticias","category-noticias-destacadas","xfolkentry"],"_links":{"self":[{"href":"https:\/\/www.ministeriodegobierno.gob.ec\/derechoshumanos\/wp-json\/wp\/v2\/posts\/10240","targetHints":{"allow":["GET"]}}],"collection":[{"href":"https:\/\/www.ministeriodegobierno.gob.ec\/derechoshumanos\/wp-json\/wp\/v2\/posts"}],"about":[{"href":"https:\/\/www.ministeriodegobierno.gob.ec\/derechoshumanos\/wp-json\/wp\/v2\/types\/post"}],"author":[{"embeddable":true,"href":"https:\/\/www.ministeriodegobierno.gob.ec\/derechoshumanos\/wp-json\/wp\/v2\/users\/6"}],"replies":[{"embeddable":true,"href":"https:\/\/www.ministeriodegobierno.gob.ec\/derechoshumanos\/wp-json\/wp\/v2\/comments?post=10240"}],"version-history":[{"count":1,"href":"https:\/\/www.ministeriodegobierno.gob.ec\/derechoshumanos\/wp-json\/wp\/v2\/posts\/10240\/revisions"}],"predecessor-version":[{"id":10243,"href":"https:\/\/www.ministeriodegobierno.gob.ec\/derechoshumanos\/wp-json\/wp\/v2\/posts\/10240\/revisions\/10243"}],"wp:featuredmedia":[{"embeddable":true,"href":"https:\/\/www.ministeriodegobierno.gob.ec\/derechoshumanos\/wp-json\/wp\/v2\/media\/10242"}],"wp:attachment":[{"href":"https:\/\/www.ministeriodegobierno.gob.ec\/derechoshumanos\/wp-json\/wp\/v2\/media?parent=10240"}],"wp:term":[{"taxonomy":"category","embeddable":true,"href":"https:\/\/www.ministeriodegobierno.gob.ec\/derechoshumanos\/wp-json\/wp\/v2\/categories?post=10240"},{"taxonomy":"post_tag","embeddable":true,"href":"https:\/\/www.ministeriodegobierno.gob.ec\/derechoshumanos\/wp-json\/wp\/v2\/tags?post=10240"}],"curies":[{"name":"wp","href":"https:\/\/api.w.org\/{rel}","templated":true}]}}