{"id":10244,"date":"2021-09-29T17:07:51","date_gmt":"2021-09-29T22:07:51","guid":{"rendered":"https:\/\/www.derechoshumanos.gob.ec\/?p=10244"},"modified":"2021-09-29T17:08:11","modified_gmt":"2021-09-29T22:08:11","slug":"la-secretaria-de-derechos-humanos-brindo-atencion-psicosocial-en-caso-de-femicidio-en-la-provincia-de-el-oro","status":"publish","type":"post","link":"https:\/\/www.ministeriodegobierno.gob.ec\/derechoshumanos\/2021\/09\/29\/la-secretaria-de-derechos-humanos-brindo-atencion-psicosocial-en-caso-de-femicidio-en-la-provincia-de-el-oro\/","title":{"rendered":"LA SECRETAR\u00cdA DE DERECHOS HUMANOS BRIND\u00d3 ATENCI\u00d3N PSICOSOCIAL EN CASO DE FEMICIDIO EN LA PROVINCIA DE EL ORO"},"content":{"rendered":"\n<p class=\"wp-block-paragraph\"><\/p>\n\n\n\n<p class=\"wp-block-paragraph\"> La Secretar\u00eda de Derechos Humanos a trav\u00e9s del Servicio de Protecci\u00f3n Integral (SPI) Machala, activ\u00f3 el protocolo de atenci\u00f3n y trabajo articulado con el Centro de Atenci\u00f3n Integral Rosa Vivar, para brindar atenci\u00f3n en caso de posible femicidio de una mujer de 26 a\u00f1os de edad, suscitado en la parroquia R\u00edo Bonito, cant\u00f3n El Guabo.<\/p>\n\n\n\n<p class=\"wp-block-paragraph\">El equipo de profesionales del SPI conjuntamente con personal del Centro de Atenci\u00f3n Integral Rosa Vivar, brindaron atenci\u00f3n psicol\u00f3gica y de trabajo social a familiares de la v\u00edctima, adem\u00e1s activaron la respuesta de la Polic\u00eda Nacional y Fiscal\u00eda General del Estado, con el objetivo de trabajar en los protocolos de atenci\u00f3n urgente en el posible caso de femicidio; por parte de salud p\u00fablica se brind\u00f3 atenci\u00f3n m\u00e9dica a la madre de la v\u00edctima quien result\u00f3 herida.<\/p>\n\n\n\n<p class=\"wp-block-paragraph\">Tambi\u00e9n se articul\u00f3 acciones con la unidad de Protecci\u00f3n Especial del Ministerio de Inclusi\u00f3n Econ\u00f3mica y Social (MIES), con el fin de precautelar la integridad de los dos hijos de la v\u00edctima; los menores de edad ingresaron al Programa de Apoyo y Custodia Familiar, donde se brindar\u00e1 la asistencia integral a sobrevivientes de violencias.<\/p>\n\n\n\n<p class=\"wp-block-paragraph\">La responsable de la Oficina T\u00e9cnica Zona 7, Sophia Cueva, indic\u00f3 que la Secretar\u00eda de Derechos Humanos de acuerdo a las competencias y servicios institucionales, continuar\u00e1 brindando atenci\u00f3n y seguimiento a los casos de violencia contra mujeres, ni\u00f1as, ni\u00f1os y adolescentes en coordinaci\u00f3n con los Centros de Atenci\u00f3n con los que esta cartera de Estado mantiene convenio.<\/p>\n","protected":false},"excerpt":{"rendered":"<p class=\"excerpt\">La Secretar\u00eda de Derechos Humanos a trav\u00e9s del Servicio de Protecci\u00f3n Integral (SPI) Machala, activ\u00f3 el protocolo de atenci\u00f3n y trabajo articulado con el Centro de Atenci\u00f3n Integral Rosa Vivar, para brindar atenci\u00f3n en caso de posible femicidio de una mujer de 26 a\u00f1os de edad, suscitado en la parroquia R\u00edo Bonito, cant\u00f3n El Guabo. El equipo de profesionales del&hellip; <a href=\"https:\/\/www.ministeriodegobierno.gob.ec\/derechoshumanos\/2021\/09\/29\/la-secretaria-de-derechos-humanos-brindo-atencion-psicosocial-en-caso-de-femicidio-en-la-provincia-de-el-oro\/\">Read more &rarr;<\/a><\/p>\n","protected":false},"author":6,"featured_media":10245,"comment_status":"closed","ping_status":"closed","sticky":false,"template":"","format":"standard","meta":{"footnotes":""},"categories":[20,5,6],"tags":[],"class_list":["post-10244","post","type-post","status-publish","format-standard","has-post-thumbnail","hentry","category-boletin-de-prensa","category-noticias","category-noticias-destacadas","xfolkentry"],"_links":{"self":[{"href":"https:\/\/www.ministeriodegobierno.gob.ec\/derechoshumanos\/wp-json\/wp\/v2\/posts\/10244","targetHints":{"allow":["GET"]}}],"collection":[{"href":"https:\/\/www.ministeriodegobierno.gob.ec\/derechoshumanos\/wp-json\/wp\/v2\/posts"}],"about":[{"href":"https:\/\/www.ministeriodegobierno.gob.ec\/derechoshumanos\/wp-json\/wp\/v2\/types\/post"}],"author":[{"embeddable":true,"href":"https:\/\/www.ministeriodegobierno.gob.ec\/derechoshumanos\/wp-json\/wp\/v2\/users\/6"}],"replies":[{"embeddable":true,"href":"https:\/\/www.ministeriodegobierno.gob.ec\/derechoshumanos\/wp-json\/wp\/v2\/comments?post=10244"}],"version-history":[{"count":1,"href":"https:\/\/www.ministeriodegobierno.gob.ec\/derechoshumanos\/wp-json\/wp\/v2\/posts\/10244\/revisions"}],"predecessor-version":[{"id":10246,"href":"https:\/\/www.ministeriodegobierno.gob.ec\/derechoshumanos\/wp-json\/wp\/v2\/posts\/10244\/revisions\/10246"}],"wp:featuredmedia":[{"embeddable":true,"href":"https:\/\/www.ministeriodegobierno.gob.ec\/derechoshumanos\/wp-json\/wp\/v2\/media\/10245"}],"wp:attachment":[{"href":"https:\/\/www.ministeriodegobierno.gob.ec\/derechoshumanos\/wp-json\/wp\/v2\/media?parent=10244"}],"wp:term":[{"taxonomy":"category","embeddable":true,"href":"https:\/\/www.ministeriodegobierno.gob.ec\/derechoshumanos\/wp-json\/wp\/v2\/categories?post=10244"},{"taxonomy":"post_tag","embeddable":true,"href":"https:\/\/www.ministeriodegobierno.gob.ec\/derechoshumanos\/wp-json\/wp\/v2\/tags?post=10244"}],"curies":[{"name":"wp","href":"https:\/\/api.w.org\/{rel}","templated":true}]}}