{"id":10248,"date":"2021-09-29T17:24:34","date_gmt":"2021-09-29T22:24:34","guid":{"rendered":"https:\/\/www.derechoshumanos.gob.ec\/?p=10248"},"modified":"2021-09-29T17:24:35","modified_gmt":"2021-09-29T22:24:35","slug":"en-portoviejo-se-capacitara-sobre-atencion-a-sobrevivientes-de-violencia-de-genero-a-departamentos-de-consejeria-estudiantil","status":"publish","type":"post","link":"https:\/\/www.ministeriodegobierno.gob.ec\/derechoshumanos\/2021\/09\/29\/en-portoviejo-se-capacitara-sobre-atencion-a-sobrevivientes-de-violencia-de-genero-a-departamentos-de-consejeria-estudiantil\/","title":{"rendered":"EN PORTOVIEJO SE CAPACITAR\u00c1 SOBRE ATENCI\u00d3N A SOBREVIVIENTES DE VIOLENCIA DE G\u00c9NERO, A DEPARTAMENTOS DE CONSEJER\u00cdA ESTUDIANTIL"},"content":{"rendered":"\n<p class=\"wp-block-paragraph\"><\/p>\n\n\n\n<p class=\"wp-block-paragraph\"><\/p>\n\n\n\n<p class=\"wp-block-paragraph\">La Secretar\u00eda de Derechos Humanos a trav\u00e9s de la Oficina T\u00e9cnica de la zona 4 plante\u00f3 una reuni\u00f3n interinstitucional con la coordinaci\u00f3n zonal del Ministerio de Educaci\u00f3n para planificar la capacitaci\u00f3n sobre las rutas de atenci\u00f3n a sobrevivientes de violencia basada en g\u00e9nero, dirigido a 500 servidores p\u00fablicos de los Departamentos de Consejer\u00eda Estudiantil de la zona 4.<\/p>\n\n\n\n<p class=\"wp-block-paragraph\">La reuni\u00f3n de coordinaci\u00f3n se desarroll\u00f3 de manera presencial con la finalidad de que el personal del Ministerio de Educaci\u00f3n cuente con conocimientos y procedimientos claros para la actuaci\u00f3n frente a hechos de violencia dentro del \u00e1mbito educativo.<\/p>\n\n\n\n<p class=\"wp-block-paragraph\">Para el Ab. Juan Carlos Pe\u00f1afiel, coordinador de la Oficina T\u00e9cnica zonal 4, la Secretar\u00eda de Derechos Humanos est\u00e1 comprometida con la erradicaci\u00f3n de cualquier tipo de violencia basada en g\u00e9nero. \u201c<em>Promovemos de manera permanente la sensibilizaci\u00f3n y capacitaci\u00f3n de servidores p\u00fablicos con la finalidad de brindar un servicio altamente sensible, oportuno y eficaz a las sobrevivientes de violencia<\/em>\u201d, recalc\u00f3.<\/p>\n\n\n\n<p class=\"wp-block-paragraph\">La Secretar\u00eda de Derechos Humanos como ente rector del Sistema Nacional de Prevenci\u00f3n y Erradicaci\u00f3n de la Violencia contra las Mujeres, genera acciones que permitan la atenci\u00f3n integral, r\u00e1pida y diligente a las sobrevivientes de violencia y continuar\u00e1 trabajando para fortalecer los procesos de prevenci\u00f3n en cada rinc\u00f3n del pa\u00eds.<\/p>\n","protected":false},"excerpt":{"rendered":"<p class=\"excerpt\">La Secretar\u00eda de Derechos Humanos a trav\u00e9s de la Oficina T\u00e9cnica de la zona 4 plante\u00f3 una reuni\u00f3n interinstitucional con la coordinaci\u00f3n zonal del Ministerio de Educaci\u00f3n para planificar la capacitaci\u00f3n sobre las rutas de atenci\u00f3n a sobrevivientes de violencia basada en g\u00e9nero, dirigido a 500 servidores p\u00fablicos de los Departamentos de Consejer\u00eda Estudiantil de la zona 4. La reuni\u00f3n&hellip; <a href=\"https:\/\/www.ministeriodegobierno.gob.ec\/derechoshumanos\/2021\/09\/29\/en-portoviejo-se-capacitara-sobre-atencion-a-sobrevivientes-de-violencia-de-genero-a-departamentos-de-consejeria-estudiantil\/\">Read more &rarr;<\/a><\/p>\n","protected":false},"author":6,"featured_media":10249,"comment_status":"closed","ping_status":"closed","sticky":false,"template":"","format":"standard","meta":{"footnotes":""},"categories":[20,5,6],"tags":[],"class_list":["post-10248","post","type-post","status-publish","format-standard","has-post-thumbnail","hentry","category-boletin-de-prensa","category-noticias","category-noticias-destacadas","xfolkentry"],"_links":{"self":[{"href":"https:\/\/www.ministeriodegobierno.gob.ec\/derechoshumanos\/wp-json\/wp\/v2\/posts\/10248","targetHints":{"allow":["GET"]}}],"collection":[{"href":"https:\/\/www.ministeriodegobierno.gob.ec\/derechoshumanos\/wp-json\/wp\/v2\/posts"}],"about":[{"href":"https:\/\/www.ministeriodegobierno.gob.ec\/derechoshumanos\/wp-json\/wp\/v2\/types\/post"}],"author":[{"embeddable":true,"href":"https:\/\/www.ministeriodegobierno.gob.ec\/derechoshumanos\/wp-json\/wp\/v2\/users\/6"}],"replies":[{"embeddable":true,"href":"https:\/\/www.ministeriodegobierno.gob.ec\/derechoshumanos\/wp-json\/wp\/v2\/comments?post=10248"}],"version-history":[{"count":1,"href":"https:\/\/www.ministeriodegobierno.gob.ec\/derechoshumanos\/wp-json\/wp\/v2\/posts\/10248\/revisions"}],"predecessor-version":[{"id":10250,"href":"https:\/\/www.ministeriodegobierno.gob.ec\/derechoshumanos\/wp-json\/wp\/v2\/posts\/10248\/revisions\/10250"}],"wp:featuredmedia":[{"embeddable":true,"href":"https:\/\/www.ministeriodegobierno.gob.ec\/derechoshumanos\/wp-json\/wp\/v2\/media\/10249"}],"wp:attachment":[{"href":"https:\/\/www.ministeriodegobierno.gob.ec\/derechoshumanos\/wp-json\/wp\/v2\/media?parent=10248"}],"wp:term":[{"taxonomy":"category","embeddable":true,"href":"https:\/\/www.ministeriodegobierno.gob.ec\/derechoshumanos\/wp-json\/wp\/v2\/categories?post=10248"},{"taxonomy":"post_tag","embeddable":true,"href":"https:\/\/www.ministeriodegobierno.gob.ec\/derechoshumanos\/wp-json\/wp\/v2\/tags?post=10248"}],"curies":[{"name":"wp","href":"https:\/\/api.w.org\/{rel}","templated":true}]}}