{"id":10419,"date":"2021-10-07T18:19:17","date_gmt":"2021-10-07T23:19:17","guid":{"rendered":"https:\/\/www.derechoshumanos.gob.ec\/?p=10419"},"modified":"2021-10-07T19:00:55","modified_gmt":"2021-10-08T00:00:55","slug":"el-directorio-del-organismo-tecnico-del-sistema-nacional-de-rehabilitacion-social-definio-las-primeras-acciones-de-inmediata-ejecucion","status":"publish","type":"post","link":"https:\/\/www.ministeriodegobierno.gob.ec\/derechoshumanos\/2021\/10\/07\/el-directorio-del-organismo-tecnico-del-sistema-nacional-de-rehabilitacion-social-definio-las-primeras-acciones-de-inmediata-ejecucion\/","title":{"rendered":"EL DIRECTORIO DEL ORGANISMO T\u00c9CNICO DEL SISTEMA NACIONAL DE REHABILITACI\u00d3N SOCIAL DEFINI\u00d3 LAS PRIMERAS ACCIONES DE INMEDIATA EJECUCI\u00d3N"},"content":{"rendered":"\n<p class=\"wp-block-paragraph\"><\/p>\n\n\n\n<p class=\"wp-block-paragraph\"><\/p>\n\n\n\n<p class=\"wp-block-paragraph\"><strong>Quito, Ecuador. \u2013<\/strong> El Gobierno Nacional instal\u00f3 este 07 de octubre, la Sesi\u00f3n Extraordinaria N\u00ba 3 del Directorio del Organismo T\u00e9cnico del Sistema Nacional de Rehabilitaci\u00f3n Social&nbsp; (SNRS), el cual est\u00e1 presidido por la titular de la Secretar\u00eda de Derechos Humanos, Bernarda Ord\u00f3\u00f1ez Moscoso. \u00c9sta sesi\u00f3n se enfoc\u00f3 en definir el plan de trabajo para la actualizaci\u00f3n de la normativa y la revisi\u00f3n de la pol\u00edtica p\u00fablica para alinearla al Plan Nacional de Desarrollo y a los est\u00e1ndares internacionales de derechos humanos.<\/p>\n\n\n\n<p class=\"wp-block-paragraph\">La Presidenta del Directorio del Organismo T\u00e9cnico del Sistema Nacional de Rehabilitaci\u00f3n Social, se\u00f1al\u00f3 que \u201cla construcci\u00f3n de la pol\u00edtica p\u00fablica es de vital importancia porque constituye el instrumento para recuperar a una generaci\u00f3n olvidada por a\u00f1os\u201d.&nbsp;<\/p>\n\n\n\n<p class=\"wp-block-paragraph\">En ese sentido, el Directorio se declar\u00f3 en sesi\u00f3n permanente, aprob\u00f3 la inclusi\u00f3n de varias instituciones como integrantes permanentes y la invitaci\u00f3n a otras funciones para tambi\u00e9n dar cumplimiento a lo dispuesto por la Corte Constitucional en el Auto de verificaci\u00f3n de cumplimiento 014-12-AN-21, de 29 de septiembre de 2021.<\/p>\n\n\n\n<p class=\"wp-block-paragraph\">Por otro lado, el Servicio Nacional de Atenci\u00f3n Integral a Personas Adultas Privadas de la Libertad y Adolescentes Infractores (SNAI), que act\u00faa como Secretario del Directorio, continuar\u00e1 sus actividades como entidad encargada de la seguridad interna de los establecimientos penitenciarios.<\/p>\n\n\n\n<p class=\"wp-block-paragraph\">El Plan de Acci\u00f3n aprobado por el Directorio tambi\u00e9n define la metodolog\u00eda y el cronograma de trabajo que dar\u00e1 prioridad a la actualizaci\u00f3n de la normativa y de la pol\u00edtica p\u00fablica para el fortalecimiento del Sistema Nacional de Rehabilitaci\u00f3n Social.<\/p>\n\n\n\n<p class=\"wp-block-paragraph\">Sobre este \u00faltimo punto y con la prioridad del caso debido a los contextos de crisis del Sistema Nacional, se plante\u00f3 como obligaciones inmediatas del Directorio el establecimiento de dos mesas t\u00e9cnicas y la invitaci\u00f3n a expertos desde la Academia, para las reformas de la normativa y la actualizaci\u00f3n de la pol\u00edtica p\u00fablica con enfoque en derechos humanos hasta febrero de 2022, cumpliendo lo dispuesto por el se\u00f1or Presidente y la Corte Constitucional.<\/p>\n\n\n\n<p class=\"wp-block-paragraph\">El Directorio del Organismo T\u00e9cnico est\u00e1 conformado por ocho instituciones y mediante resoluci\u00f3n se incluy\u00f3 al Ministerio de Gobierno y a la Secretar\u00eda Nacional de Planificaci\u00f3n como integrantes permanentes del Directorio. Con la aprobaci\u00f3n del plan sesionar\u00e1n las m\u00e1ximas autoridades, siendo su asistencia indelegable. Esta ruta de acci\u00f3n permitir\u00e1 solventar esta crisis de derechos humanos.<\/p>\n","protected":false},"excerpt":{"rendered":"<p class=\"excerpt\">Quito, Ecuador. \u2013 El Gobierno Nacional instal\u00f3 este 07 de octubre, la Sesi\u00f3n Extraordinaria N\u00ba 3 del Directorio del Organismo T\u00e9cnico del Sistema Nacional de Rehabilitaci\u00f3n Social&nbsp; (SNRS), el cual est\u00e1 presidido por la titular de la Secretar\u00eda de Derechos Humanos, Bernarda Ord\u00f3\u00f1ez Moscoso. \u00c9sta sesi\u00f3n se enfoc\u00f3 en definir el plan de trabajo para la actualizaci\u00f3n de la normativa&hellip; <a href=\"https:\/\/www.ministeriodegobierno.gob.ec\/derechoshumanos\/2021\/10\/07\/el-directorio-del-organismo-tecnico-del-sistema-nacional-de-rehabilitacion-social-definio-las-primeras-acciones-de-inmediata-ejecucion\/\">Read more &rarr;<\/a><\/p>\n","protected":false},"author":6,"featured_media":10426,"comment_status":"closed","ping_status":"closed","sticky":false,"template":"","format":"standard","meta":{"footnotes":""},"categories":[20,5,6],"tags":[],"class_list":["post-10419","post","type-post","status-publish","format-standard","has-post-thumbnail","hentry","category-boletin-de-prensa","category-noticias","category-noticias-destacadas","xfolkentry"],"_links":{"self":[{"href":"https:\/\/www.ministeriodegobierno.gob.ec\/derechoshumanos\/wp-json\/wp\/v2\/posts\/10419","targetHints":{"allow":["GET"]}}],"collection":[{"href":"https:\/\/www.ministeriodegobierno.gob.ec\/derechoshumanos\/wp-json\/wp\/v2\/posts"}],"about":[{"href":"https:\/\/www.ministeriodegobierno.gob.ec\/derechoshumanos\/wp-json\/wp\/v2\/types\/post"}],"author":[{"embeddable":true,"href":"https:\/\/www.ministeriodegobierno.gob.ec\/derechoshumanos\/wp-json\/wp\/v2\/users\/6"}],"replies":[{"embeddable":true,"href":"https:\/\/www.ministeriodegobierno.gob.ec\/derechoshumanos\/wp-json\/wp\/v2\/comments?post=10419"}],"version-history":[{"count":1,"href":"https:\/\/www.ministeriodegobierno.gob.ec\/derechoshumanos\/wp-json\/wp\/v2\/posts\/10419\/revisions"}],"predecessor-version":[{"id":10421,"href":"https:\/\/www.ministeriodegobierno.gob.ec\/derechoshumanos\/wp-json\/wp\/v2\/posts\/10419\/revisions\/10421"}],"wp:featuredmedia":[{"embeddable":true,"href":"https:\/\/www.ministeriodegobierno.gob.ec\/derechoshumanos\/wp-json\/wp\/v2\/media\/10426"}],"wp:attachment":[{"href":"https:\/\/www.ministeriodegobierno.gob.ec\/derechoshumanos\/wp-json\/wp\/v2\/media?parent=10419"}],"wp:term":[{"taxonomy":"category","embeddable":true,"href":"https:\/\/www.ministeriodegobierno.gob.ec\/derechoshumanos\/wp-json\/wp\/v2\/categories?post=10419"},{"taxonomy":"post_tag","embeddable":true,"href":"https:\/\/www.ministeriodegobierno.gob.ec\/derechoshumanos\/wp-json\/wp\/v2\/tags?post=10419"}],"curies":[{"name":"wp","href":"https:\/\/api.w.org\/{rel}","templated":true}]}}