{"id":10428,"date":"2021-10-01T09:57:00","date_gmt":"2021-10-01T14:57:00","guid":{"rendered":"https:\/\/www.derechoshumanos.gob.ec\/?p=10428"},"modified":"2021-10-11T10:00:27","modified_gmt":"2021-10-11T15:00:27","slug":"en-tungurahua-se-desarrollan-talleres-de-capacitacion-sobre-prevencion-de-la-violencia-de-genero","status":"publish","type":"post","link":"https:\/\/www.ministeriodegobierno.gob.ec\/derechoshumanos\/2021\/10\/01\/en-tungurahua-se-desarrollan-talleres-de-capacitacion-sobre-prevencion-de-la-violencia-de-genero\/","title":{"rendered":"EN TUNGURAHUA SE DESARROLLAN TALLERES DE CAPACITACI\u00d3N SOBRE PREVENCI\u00d3N DE LA VIOLENCIA DE G\u00c9NERO"},"content":{"rendered":"\n<p class=\"wp-block-paragraph\"><\/p>\n\n\n\n<p class=\"wp-block-paragraph\"><strong>Ambato, Ecuador. \u2013<\/strong> La Secretar\u00eda de Derechos Humanos acompa\u00f1a los Talleres de Sensibilizaci\u00f3n y Concienciaci\u00f3n para la Prevenci\u00f3n de la Violencia de G\u00e9nero \u201cEmpatic@s\u201d, organizados por la Fundaci\u00f3n para la Rehabilitaci\u00f3n Integral de V\u00edctimas de Violencia \u201cPRIVA\u201d; y que se desarrollan en la ciudad de Ambato, provincia de Tungurahua.<\/p>\n\n\n\n<p class=\"wp-block-paragraph\">Las jornadas de capacitaci\u00f3n se realizar\u00e1n en dos m\u00f3dulos desde el 30 de septiembre al 15 de octubre, con el objetivo de fortalecer los esfuerzos colectivos institucionales y territoriales para reducir la violencia contra las mujeres, utilizando mecanismos de sensibilizaci\u00f3n. Las tem\u00e1ticas se enfocar\u00e1n en: violencia contra las mujeres, derechos humanos, normativa internacional y nacional sobre violencia contra las mujeres.<\/p>\n\n\n\n<p class=\"wp-block-paragraph\">En el acto inaugural, la Directora del Sistema Nacional de Erradicaci\u00f3n, Prevenci\u00f3n y Transformaci\u00f3n de la Cultura de Violencia y Monitoreo, Tanya Torres, se\u00f1alo que, (\u2026)<\/p>\n\n\n\n<p class=\"wp-block-paragraph\">Los talleres se desarrollar\u00e1n de manera presencial y virtual; y est\u00e1n dirigidas a personal de las Juntas y Consejos Cantonales de Protecci\u00f3n de Derechos, de instituciones que forman parte del Sistema Nacional Integral para Prevenir y Erradicar la Violencia contra las Mujeres y organizaciones de la sociedad civil; adem\u00e1s contaran con una metodolog\u00eda participativa, de trabajo en grupos, sesiones reflexivas y estudios de caso.<\/p>\n\n\n\n<p class=\"wp-block-paragraph\">La Secretar\u00eda de Derechos Humanos como ente rector del Sistema Nacional de Prevenci\u00f3n y Erradicaci\u00f3n de la Violencia contra las Mujeres genera acciones de articulaci\u00f3n que permitan la atenci\u00f3n integral, r\u00e1pida y diligente a las sobrevivientes de violencia y continuar\u00e1 trabajando para fortalecer los procesos de prevenci\u00f3n en cada rinc\u00f3n del pa\u00eds.<\/p>\n","protected":false},"excerpt":{"rendered":"<p class=\"excerpt\">Ambato, Ecuador. \u2013 La Secretar\u00eda de Derechos Humanos acompa\u00f1a los Talleres de Sensibilizaci\u00f3n y Concienciaci\u00f3n para la Prevenci\u00f3n de la Violencia de G\u00e9nero \u201cEmpatic@s\u201d, organizados por la Fundaci\u00f3n para la Rehabilitaci\u00f3n Integral de V\u00edctimas de Violencia \u201cPRIVA\u201d; y que se desarrollan en la ciudad de Ambato, provincia de Tungurahua. Las jornadas de capacitaci\u00f3n se realizar\u00e1n en dos m\u00f3dulos desde el&hellip; <a href=\"https:\/\/www.ministeriodegobierno.gob.ec\/derechoshumanos\/2021\/10\/01\/en-tungurahua-se-desarrollan-talleres-de-capacitacion-sobre-prevencion-de-la-violencia-de-genero\/\">Read more &rarr;<\/a><\/p>\n","protected":false},"author":6,"featured_media":10429,"comment_status":"closed","ping_status":"closed","sticky":false,"template":"","format":"standard","meta":{"footnotes":""},"categories":[20,5,6],"tags":[],"class_list":["post-10428","post","type-post","status-publish","format-standard","has-post-thumbnail","hentry","category-boletin-de-prensa","category-noticias","category-noticias-destacadas","xfolkentry"],"_links":{"self":[{"href":"https:\/\/www.ministeriodegobierno.gob.ec\/derechoshumanos\/wp-json\/wp\/v2\/posts\/10428","targetHints":{"allow":["GET"]}}],"collection":[{"href":"https:\/\/www.ministeriodegobierno.gob.ec\/derechoshumanos\/wp-json\/wp\/v2\/posts"}],"about":[{"href":"https:\/\/www.ministeriodegobierno.gob.ec\/derechoshumanos\/wp-json\/wp\/v2\/types\/post"}],"author":[{"embeddable":true,"href":"https:\/\/www.ministeriodegobierno.gob.ec\/derechoshumanos\/wp-json\/wp\/v2\/users\/6"}],"replies":[{"embeddable":true,"href":"https:\/\/www.ministeriodegobierno.gob.ec\/derechoshumanos\/wp-json\/wp\/v2\/comments?post=10428"}],"version-history":[{"count":1,"href":"https:\/\/www.ministeriodegobierno.gob.ec\/derechoshumanos\/wp-json\/wp\/v2\/posts\/10428\/revisions"}],"predecessor-version":[{"id":10430,"href":"https:\/\/www.ministeriodegobierno.gob.ec\/derechoshumanos\/wp-json\/wp\/v2\/posts\/10428\/revisions\/10430"}],"wp:featuredmedia":[{"embeddable":true,"href":"https:\/\/www.ministeriodegobierno.gob.ec\/derechoshumanos\/wp-json\/wp\/v2\/media\/10429"}],"wp:attachment":[{"href":"https:\/\/www.ministeriodegobierno.gob.ec\/derechoshumanos\/wp-json\/wp\/v2\/media?parent=10428"}],"wp:term":[{"taxonomy":"category","embeddable":true,"href":"https:\/\/www.ministeriodegobierno.gob.ec\/derechoshumanos\/wp-json\/wp\/v2\/categories?post=10428"},{"taxonomy":"post_tag","embeddable":true,"href":"https:\/\/www.ministeriodegobierno.gob.ec\/derechoshumanos\/wp-json\/wp\/v2\/tags?post=10428"}],"curies":[{"name":"wp","href":"https:\/\/api.w.org\/{rel}","templated":true}]}}