{"id":10434,"date":"2021-09-30T09:00:00","date_gmt":"2021-09-30T14:00:00","guid":{"rendered":"https:\/\/www.derechoshumanos.gob.ec\/?p=10434"},"modified":"2021-10-11T15:01:23","modified_gmt":"2021-10-11T20:01:23","slug":"la-secretaria-de-derechos-humanos-atendio-un-caso-de-presunto-femicidio-de-nina-de-3-anos","status":"publish","type":"post","link":"https:\/\/www.ministeriodegobierno.gob.ec\/derechoshumanos\/2021\/09\/30\/la-secretaria-de-derechos-humanos-atendio-un-caso-de-presunto-femicidio-de-nina-de-3-anos\/","title":{"rendered":"LA SECRETAR\u00cdA DE DERECHOS HUMANOS ATENDI\u00d3 UN CASO DE PRESUNTO FEMICIDIO DE NI\u00d1A DE 3 A\u00d1OS"},"content":{"rendered":"\n<p class=\"wp-block-paragraph\">La Secretar\u00eda de Derechos Humanos (SDH) a trav\u00e9s del Servicio de Protecci\u00f3n Integral (SPI) Loja, brind\u00f3 atenci\u00f3n psicol\u00f3gica y social a familiares de una ni\u00f1a de 3 a\u00f1os, v\u00edctima de presunto femicidio. El hecho ocurri\u00f3 en el sector El Valle del cant\u00f3n Loja; el caso fue alertado por la Polic\u00eda Nacional como violencia dentro del \u00e1mbito familiar.<\/p>\n\n\n\n<p class=\"wp-block-paragraph\">Al conocer el caso, la SDH activ\u00f3 el trabajo interinstitucional con la Polic\u00eda Nacional y el Centro de Medicina Forense de la Fiscal\u00eda General del Estado; el equipo SPI realiz\u00f3 la contenci\u00f3n emocional y psicol\u00f3gica a la progenitora de la v\u00edctima, se verificaron las necesidades sociales y se brind\u00f3 asesor\u00eda legal.<\/p>\n\n\n\n<p class=\"wp-block-paragraph\">La responsable de la Oficina T\u00e9cnica Zona 7, Sophia Cueva manifest\u00f3 que los equipos de la Secretar\u00eda de Derechos Humanos trabajan de manera articulada con los actores del Sistema Nacional de Prevenci\u00f3n y Erradicaci\u00f3n de la Violencia contra la Mujer, para brindar una atenci\u00f3n inmediata en los casos de conmoci\u00f3n social y sobre todo los hechos de violencia.<\/p>\n\n\n\n<p class=\"wp-block-paragraph\">La Secretar\u00eda de Derechos Humanos como ente rector del Sistema genera acciones que permiten la atenci\u00f3n integral, r\u00e1pida y diligente a las sobrevivientes de violencia y continuar\u00e1 trabajando para fortalecer los procesos de prevenci\u00f3n en cada rinc\u00f3n del pa\u00eds.<\/p>\n","protected":false},"excerpt":{"rendered":"<p class=\"excerpt\">La Secretar\u00eda de Derechos Humanos (SDH) a trav\u00e9s del Servicio de Protecci\u00f3n Integral (SPI) Loja, brind\u00f3 atenci\u00f3n psicol\u00f3gica y social a familiares de una ni\u00f1a de 3 a\u00f1os, v\u00edctima de presunto femicidio. El hecho ocurri\u00f3 en el sector El Valle del cant\u00f3n Loja; el caso fue alertado por la Polic\u00eda Nacional como violencia dentro del \u00e1mbito familiar. Al conocer el&hellip; <a href=\"https:\/\/www.ministeriodegobierno.gob.ec\/derechoshumanos\/2021\/09\/30\/la-secretaria-de-derechos-humanos-atendio-un-caso-de-presunto-femicidio-de-nina-de-3-anos\/\">Read more &rarr;<\/a><\/p>\n","protected":false},"author":6,"featured_media":9958,"comment_status":"closed","ping_status":"closed","sticky":false,"template":"","format":"standard","meta":{"footnotes":""},"categories":[20,5,6],"tags":[],"class_list":["post-10434","post","type-post","status-publish","format-standard","has-post-thumbnail","hentry","category-boletin-de-prensa","category-noticias","category-noticias-destacadas","xfolkentry"],"_links":{"self":[{"href":"https:\/\/www.ministeriodegobierno.gob.ec\/derechoshumanos\/wp-json\/wp\/v2\/posts\/10434","targetHints":{"allow":["GET"]}}],"collection":[{"href":"https:\/\/www.ministeriodegobierno.gob.ec\/derechoshumanos\/wp-json\/wp\/v2\/posts"}],"about":[{"href":"https:\/\/www.ministeriodegobierno.gob.ec\/derechoshumanos\/wp-json\/wp\/v2\/types\/post"}],"author":[{"embeddable":true,"href":"https:\/\/www.ministeriodegobierno.gob.ec\/derechoshumanos\/wp-json\/wp\/v2\/users\/6"}],"replies":[{"embeddable":true,"href":"https:\/\/www.ministeriodegobierno.gob.ec\/derechoshumanos\/wp-json\/wp\/v2\/comments?post=10434"}],"version-history":[{"count":1,"href":"https:\/\/www.ministeriodegobierno.gob.ec\/derechoshumanos\/wp-json\/wp\/v2\/posts\/10434\/revisions"}],"predecessor-version":[{"id":10435,"href":"https:\/\/www.ministeriodegobierno.gob.ec\/derechoshumanos\/wp-json\/wp\/v2\/posts\/10434\/revisions\/10435"}],"wp:featuredmedia":[{"embeddable":true,"href":"https:\/\/www.ministeriodegobierno.gob.ec\/derechoshumanos\/wp-json\/wp\/v2\/media\/9958"}],"wp:attachment":[{"href":"https:\/\/www.ministeriodegobierno.gob.ec\/derechoshumanos\/wp-json\/wp\/v2\/media?parent=10434"}],"wp:term":[{"taxonomy":"category","embeddable":true,"href":"https:\/\/www.ministeriodegobierno.gob.ec\/derechoshumanos\/wp-json\/wp\/v2\/categories?post=10434"},{"taxonomy":"post_tag","embeddable":true,"href":"https:\/\/www.ministeriodegobierno.gob.ec\/derechoshumanos\/wp-json\/wp\/v2\/tags?post=10434"}],"curies":[{"name":"wp","href":"https:\/\/api.w.org\/{rel}","templated":true}]}}