{"id":10436,"date":"2021-09-30T11:05:00","date_gmt":"2021-09-30T16:05:00","guid":{"rendered":"https:\/\/www.derechoshumanos.gob.ec\/?p=10436"},"modified":"2021-10-11T15:12:32","modified_gmt":"2021-10-11T20:12:32","slug":"la-secretaria-de-derechos-humanos-imparte-talleres-sobre-las-rutas-de-atencion-en-casos-de-violencia-de-genero-en-ibarra","status":"publish","type":"post","link":"https:\/\/www.ministeriodegobierno.gob.ec\/derechoshumanos\/2021\/09\/30\/la-secretaria-de-derechos-humanos-imparte-talleres-sobre-las-rutas-de-atencion-en-casos-de-violencia-de-genero-en-ibarra\/","title":{"rendered":"LA SECRETAR\u00cdA DE DERECHOS HUMANOS IMPARTE TALLERES SOBRE LAS RUTAS DE ATENCI\u00d3N EN CASOS DE VIOLENCIA DE G\u00c9NERO EN IBARRA"},"content":{"rendered":"\n<p class=\"wp-block-paragraph\"><\/p>\n\n\n\n<p class=\"wp-block-paragraph\"> La Secretar\u00eda de Derechos Humanos (SDH) a trav\u00e9s del Servicio de Protecci\u00f3n Integral desarroll\u00f3 el taller \u201cRutas y protocolos de atenci\u00f3n a v\u00edctimas de violencia de g\u00e9nero\u201d, dirigido a defensores comunitarios de los sectores de El Juncal y Alpachaca del cant\u00f3n Ibarra; con el objetivo de fortalecer los procesos de prevenci\u00f3n y erradicaci\u00f3n de la violencia de g\u00e9nero.<\/p>\n\n\n\n<p class=\"wp-block-paragraph\">La capacitaci\u00f3n cont\u00f3 con la instrucci\u00f3n del equipo t\u00e9cnico de la Direcci\u00f3n Zonal 1 de la SDH; durante el taller se abord\u00f3 la metodologia de casos emblem\u00e1ticos y se recogi\u00f3 las experiencias personales de los defensores comunitarios para conocer el funcionamiento del Sistema Local de Protecci\u00f3n de Derechos. Al finalizar la SDH recalc\u00f3 la importancia de la intervenci\u00f3n de los defensores comunitarios y de la ciudadan\u00eda, al articularse con las instituciones p\u00fablicas y privadas en la defensa de los derechos humanos de mujeres, ni\u00f1as, ni\u00f1os y adolescentes.<\/p>\n\n\n\n<p class=\"wp-block-paragraph\">Para el Director de la SDH Zona 1, Carlos Espinoza, las mujeres no est\u00e1n solas, \u201c<em>Todo acto de violencia por m\u00e1s m\u00ednimo que sea debe ser denunciado, y para eso estamos las instituciones p\u00fablicas quienes somos llamados a brindar atenci\u00f3n<\/em>\u201d, acot\u00f3.<\/p>\n\n\n\n<p class=\"wp-block-paragraph\">La Secretar\u00eda de Derechos Humanos como ente rector del Sistema Nacional de Prevenci\u00f3n y Erradicaci\u00f3n de la violencia contra las Mujeres genera acciones que permitan la atenci\u00f3n integral, r\u00e1pida y diligente a la v\u00edctima y continuar\u00e1 trabajando para fortalecer los procesos de prevenci\u00f3n en cada rincon del pa\u00eds.<\/p>\n","protected":false},"excerpt":{"rendered":"<p class=\"excerpt\">La Secretar\u00eda de Derechos Humanos (SDH) a trav\u00e9s del Servicio de Protecci\u00f3n Integral desarroll\u00f3 el taller \u201cRutas y protocolos de atenci\u00f3n a v\u00edctimas de violencia de g\u00e9nero\u201d, dirigido a defensores comunitarios de los sectores de El Juncal y Alpachaca del cant\u00f3n Ibarra; con el objetivo de fortalecer los procesos de prevenci\u00f3n y erradicaci\u00f3n de la violencia de g\u00e9nero. La capacitaci\u00f3n&hellip; <a href=\"https:\/\/www.ministeriodegobierno.gob.ec\/derechoshumanos\/2021\/09\/30\/la-secretaria-de-derechos-humanos-imparte-talleres-sobre-las-rutas-de-atencion-en-casos-de-violencia-de-genero-en-ibarra\/\">Read more &rarr;<\/a><\/p>\n","protected":false},"author":6,"featured_media":10437,"comment_status":"closed","ping_status":"closed","sticky":false,"template":"","format":"standard","meta":{"footnotes":""},"categories":[20,5,6],"tags":[],"class_list":["post-10436","post","type-post","status-publish","format-standard","has-post-thumbnail","hentry","category-boletin-de-prensa","category-noticias","category-noticias-destacadas","xfolkentry"],"_links":{"self":[{"href":"https:\/\/www.ministeriodegobierno.gob.ec\/derechoshumanos\/wp-json\/wp\/v2\/posts\/10436","targetHints":{"allow":["GET"]}}],"collection":[{"href":"https:\/\/www.ministeriodegobierno.gob.ec\/derechoshumanos\/wp-json\/wp\/v2\/posts"}],"about":[{"href":"https:\/\/www.ministeriodegobierno.gob.ec\/derechoshumanos\/wp-json\/wp\/v2\/types\/post"}],"author":[{"embeddable":true,"href":"https:\/\/www.ministeriodegobierno.gob.ec\/derechoshumanos\/wp-json\/wp\/v2\/users\/6"}],"replies":[{"embeddable":true,"href":"https:\/\/www.ministeriodegobierno.gob.ec\/derechoshumanos\/wp-json\/wp\/v2\/comments?post=10436"}],"version-history":[{"count":1,"href":"https:\/\/www.ministeriodegobierno.gob.ec\/derechoshumanos\/wp-json\/wp\/v2\/posts\/10436\/revisions"}],"predecessor-version":[{"id":10438,"href":"https:\/\/www.ministeriodegobierno.gob.ec\/derechoshumanos\/wp-json\/wp\/v2\/posts\/10436\/revisions\/10438"}],"wp:featuredmedia":[{"embeddable":true,"href":"https:\/\/www.ministeriodegobierno.gob.ec\/derechoshumanos\/wp-json\/wp\/v2\/media\/10437"}],"wp:attachment":[{"href":"https:\/\/www.ministeriodegobierno.gob.ec\/derechoshumanos\/wp-json\/wp\/v2\/media?parent=10436"}],"wp:term":[{"taxonomy":"category","embeddable":true,"href":"https:\/\/www.ministeriodegobierno.gob.ec\/derechoshumanos\/wp-json\/wp\/v2\/categories?post=10436"},{"taxonomy":"post_tag","embeddable":true,"href":"https:\/\/www.ministeriodegobierno.gob.ec\/derechoshumanos\/wp-json\/wp\/v2\/tags?post=10436"}],"curies":[{"name":"wp","href":"https:\/\/api.w.org\/{rel}","templated":true}]}}