{"id":10440,"date":"2021-09-30T15:10:00","date_gmt":"2021-09-30T20:10:00","guid":{"rendered":"https:\/\/www.derechoshumanos.gob.ec\/?p=10440"},"modified":"2021-10-11T15:12:10","modified_gmt":"2021-10-11T20:12:10","slug":"la-secretaria-de-derechos-humanos-activo-el-sistema-para-atencion-a-mujer-sobreviviente-de-violencia","status":"publish","type":"post","link":"https:\/\/www.ministeriodegobierno.gob.ec\/derechoshumanos\/2021\/09\/30\/la-secretaria-de-derechos-humanos-activo-el-sistema-para-atencion-a-mujer-sobreviviente-de-violencia\/","title":{"rendered":"LA SECRETAR\u00cdA DE DERECHOS HUMANOS, ACTIV\u00d3 EL SISTEMA PARA  ATENCI\u00d3N A MUJER SOBREVIVIENTE DE VIOLENCIA"},"content":{"rendered":"\n<p class=\"wp-block-paragraph\"><\/p>\n\n\n\n<p class=\"wp-block-paragraph\">La Secretar\u00eda de Derechos Humanos a trav\u00e9s del Servicio de Protecci\u00f3n Integral de Loja, realiz\u00f3 intervenci\u00f3n integral a mujer sobreviviente de posibles hechos de violencia sexual en el \u00e1mbito intrafamiliar. El caso fue alertado por la Organizaci\u00f3n&nbsp; \u201cAcci\u00f3n Feminista de Loja.\u201d<\/p>\n\n\n\n<p class=\"wp-block-paragraph\">Las instituciones que forman parte del Sistema Nacional Integral para la Prevenci\u00f3n y Erradicaci\u00f3n de la Violencia contra las Mujeres, de acuerdo a sus competencias legales y servicios institucionales brindaron atenci\u00f3n inmediata a la sobreviviente; adem\u00e1s se realizaron las pericias m\u00e9dicas que el caso amerita, valoraci\u00f3n y atenci\u00f3n m\u00e9dica, otorgamiento del tratamiento profilaxis anti retroviral para exposici\u00f3n del VIH no ocupacional, pastilla del d\u00eda despu\u00e9s, contenci\u00f3n emocional y activaci\u00f3n del proceso legal en la Fiscal\u00eda de Catamayo.<\/p>\n\n\n\n<p class=\"wp-block-paragraph\">Tambi\u00e9n se emitir\u00e1n las medidas de protecci\u00f3n inmediatas que la sobreviviente requiere para salvaguardar su integridad personal, y desde esta cartera de Estado se realizar\u00e1 el seguimiento a fin de que sus derechos vulnerados sean restituidos conforme lo determina &nbsp;la Ley. &nbsp;<\/p>\n\n\n\n<p class=\"wp-block-paragraph\">Sophia Cueva, Coordinadora de la Oficina T\u00e9cnica 7, manifest\u00f3 que: \u201cla Secretar\u00eda de Derechos Humanos, a trav\u00e9s de los Servicios de Protecci\u00f3n Integral, realizar\u00e1 un trabajo integral&nbsp; y altamente&nbsp; sensible en la atenci\u00f3n a las sobrevivientes de todo tipo de violencias, brindando una atenci\u00f3n oportuna y eficiente a cada uno de los usuarios de esta cartera de Estado\u201d.<\/p>\n","protected":false},"excerpt":{"rendered":"<p class=\"excerpt\">La Secretar\u00eda de Derechos Humanos a trav\u00e9s del Servicio de Protecci\u00f3n Integral de Loja, realiz\u00f3 intervenci\u00f3n integral a mujer sobreviviente de posibles hechos de violencia sexual en el \u00e1mbito intrafamiliar. El caso fue alertado por la Organizaci\u00f3n&nbsp; \u201cAcci\u00f3n Feminista de Loja.\u201d Las instituciones que forman parte del Sistema Nacional Integral para la Prevenci\u00f3n y Erradicaci\u00f3n de la Violencia contra las&hellip; <a href=\"https:\/\/www.ministeriodegobierno.gob.ec\/derechoshumanos\/2021\/09\/30\/la-secretaria-de-derechos-humanos-activo-el-sistema-para-atencion-a-mujer-sobreviviente-de-violencia\/\">Read more &rarr;<\/a><\/p>\n","protected":false},"author":6,"featured_media":9958,"comment_status":"closed","ping_status":"closed","sticky":false,"template":"","format":"standard","meta":{"footnotes":""},"categories":[20,5,6],"tags":[],"class_list":["post-10440","post","type-post","status-publish","format-standard","has-post-thumbnail","hentry","category-boletin-de-prensa","category-noticias","category-noticias-destacadas","xfolkentry"],"_links":{"self":[{"href":"https:\/\/www.ministeriodegobierno.gob.ec\/derechoshumanos\/wp-json\/wp\/v2\/posts\/10440","targetHints":{"allow":["GET"]}}],"collection":[{"href":"https:\/\/www.ministeriodegobierno.gob.ec\/derechoshumanos\/wp-json\/wp\/v2\/posts"}],"about":[{"href":"https:\/\/www.ministeriodegobierno.gob.ec\/derechoshumanos\/wp-json\/wp\/v2\/types\/post"}],"author":[{"embeddable":true,"href":"https:\/\/www.ministeriodegobierno.gob.ec\/derechoshumanos\/wp-json\/wp\/v2\/users\/6"}],"replies":[{"embeddable":true,"href":"https:\/\/www.ministeriodegobierno.gob.ec\/derechoshumanos\/wp-json\/wp\/v2\/comments?post=10440"}],"version-history":[{"count":2,"href":"https:\/\/www.ministeriodegobierno.gob.ec\/derechoshumanos\/wp-json\/wp\/v2\/posts\/10440\/revisions"}],"predecessor-version":[{"id":10442,"href":"https:\/\/www.ministeriodegobierno.gob.ec\/derechoshumanos\/wp-json\/wp\/v2\/posts\/10440\/revisions\/10442"}],"wp:featuredmedia":[{"embeddable":true,"href":"https:\/\/www.ministeriodegobierno.gob.ec\/derechoshumanos\/wp-json\/wp\/v2\/media\/9958"}],"wp:attachment":[{"href":"https:\/\/www.ministeriodegobierno.gob.ec\/derechoshumanos\/wp-json\/wp\/v2\/media?parent=10440"}],"wp:term":[{"taxonomy":"category","embeddable":true,"href":"https:\/\/www.ministeriodegobierno.gob.ec\/derechoshumanos\/wp-json\/wp\/v2\/categories?post=10440"},{"taxonomy":"post_tag","embeddable":true,"href":"https:\/\/www.ministeriodegobierno.gob.ec\/derechoshumanos\/wp-json\/wp\/v2\/tags?post=10440"}],"curies":[{"name":"wp","href":"https:\/\/api.w.org\/{rel}","templated":true}]}}