{"id":10444,"date":"2021-09-30T05:31:00","date_gmt":"2021-09-30T10:31:00","guid":{"rendered":"https:\/\/www.derechoshumanos.gob.ec\/?p=10444"},"modified":"2021-10-11T15:31:56","modified_gmt":"2021-10-11T20:31:56","slug":"servicio-de-proteccion-integral-y-brinda-atencion-integral-a-sobreviviente-de-violencia-en-echeandia","status":"publish","type":"post","link":"https:\/\/www.ministeriodegobierno.gob.ec\/derechoshumanos\/2021\/09\/30\/servicio-de-proteccion-integral-y-brinda-atencion-integral-a-sobreviviente-de-violencia-en-echeandia\/","title":{"rendered":"Servicio de Protecci\u00f3n Integral y brinda atenci\u00f3n integral a sobreviviente de violencia en Echeandia"},"content":{"rendered":"\n<p class=\"wp-block-paragraph\"><\/p>\n\n\n\n<p class=\"wp-block-paragraph\">En el cant\u00f3n Echeandia, de la provincia Bol\u00edvar, la Coordinadora de la Oficina T\u00e9cnica de la Zona 5, Aracely S\u00e1nchez Garc\u00eda, activ\u00f3 al equipo t\u00e9cnico del Servicio de Protecci\u00f3n Integral (SPI) para articular la atenci\u00f3n integral a una mujer sobreviviente de violencia.<\/p>\n\n\n\n<p class=\"wp-block-paragraph\">Conjuntamente con el Consejo Cantonal de Protecci\u00f3n de Derechos de Arajuno-Pastaza, la Junta Cantonal de Protecci\u00f3n de Derechos, la Unidad Judicial y Polic\u00eda Nacional se &nbsp;coordin\u00f3 el acompa\u00f1amiento para la salida voluntaria de la sobreviviente de violencia y sus tres hijos, del hogar donde sufr\u00eda varios maltratos por parte de su conviviente y se los traslado a otra provincia para precautelar su integridad.<\/p>\n\n\n\n<p class=\"wp-block-paragraph\">Al respecto Alexandra S\u00e1nchez, manifest\u00f3 que \u201cla articulaci\u00f3n interinstitucional es una herramienta clave para la restituci\u00f3n de los derechos de las sobrevivientes y que es esencial para que puedan cerrar el c\u00edrculo de violencia\u201d.<\/p>\n\n\n\n<p class=\"wp-block-paragraph\">Por su parte la usuaria mencion\u00f3 estar agradecida por el acompa\u00f1amiento por parte de las instituciones e indic\u00f3 estar dispuesta a continuar con el seguimiento de su caso en su nuevo hogar.<\/p>\n","protected":false},"excerpt":{"rendered":"<p class=\"excerpt\">En el cant\u00f3n Echeandia, de la provincia Bol\u00edvar, la Coordinadora de la Oficina T\u00e9cnica de la Zona 5, Aracely S\u00e1nchez Garc\u00eda, activ\u00f3 al equipo t\u00e9cnico del Servicio de Protecci\u00f3n Integral (SPI) para articular la atenci\u00f3n integral a una mujer sobreviviente de violencia. Conjuntamente con el Consejo Cantonal de Protecci\u00f3n de Derechos de Arajuno-Pastaza, la Junta Cantonal de Protecci\u00f3n de Derechos,&hellip; <a href=\"https:\/\/www.ministeriodegobierno.gob.ec\/derechoshumanos\/2021\/09\/30\/servicio-de-proteccion-integral-y-brinda-atencion-integral-a-sobreviviente-de-violencia-en-echeandia\/\">Read more &rarr;<\/a><\/p>\n","protected":false},"author":6,"featured_media":9958,"comment_status":"closed","ping_status":"closed","sticky":false,"template":"","format":"standard","meta":{"footnotes":""},"categories":[20,5,6],"tags":[],"class_list":["post-10444","post","type-post","status-publish","format-standard","has-post-thumbnail","hentry","category-boletin-de-prensa","category-noticias","category-noticias-destacadas","xfolkentry"],"_links":{"self":[{"href":"https:\/\/www.ministeriodegobierno.gob.ec\/derechoshumanos\/wp-json\/wp\/v2\/posts\/10444","targetHints":{"allow":["GET"]}}],"collection":[{"href":"https:\/\/www.ministeriodegobierno.gob.ec\/derechoshumanos\/wp-json\/wp\/v2\/posts"}],"about":[{"href":"https:\/\/www.ministeriodegobierno.gob.ec\/derechoshumanos\/wp-json\/wp\/v2\/types\/post"}],"author":[{"embeddable":true,"href":"https:\/\/www.ministeriodegobierno.gob.ec\/derechoshumanos\/wp-json\/wp\/v2\/users\/6"}],"replies":[{"embeddable":true,"href":"https:\/\/www.ministeriodegobierno.gob.ec\/derechoshumanos\/wp-json\/wp\/v2\/comments?post=10444"}],"version-history":[{"count":1,"href":"https:\/\/www.ministeriodegobierno.gob.ec\/derechoshumanos\/wp-json\/wp\/v2\/posts\/10444\/revisions"}],"predecessor-version":[{"id":10445,"href":"https:\/\/www.ministeriodegobierno.gob.ec\/derechoshumanos\/wp-json\/wp\/v2\/posts\/10444\/revisions\/10445"}],"wp:featuredmedia":[{"embeddable":true,"href":"https:\/\/www.ministeriodegobierno.gob.ec\/derechoshumanos\/wp-json\/wp\/v2\/media\/9958"}],"wp:attachment":[{"href":"https:\/\/www.ministeriodegobierno.gob.ec\/derechoshumanos\/wp-json\/wp\/v2\/media?parent=10444"}],"wp:term":[{"taxonomy":"category","embeddable":true,"href":"https:\/\/www.ministeriodegobierno.gob.ec\/derechoshumanos\/wp-json\/wp\/v2\/categories?post=10444"},{"taxonomy":"post_tag","embeddable":true,"href":"https:\/\/www.ministeriodegobierno.gob.ec\/derechoshumanos\/wp-json\/wp\/v2\/tags?post=10444"}],"curies":[{"name":"wp","href":"https:\/\/api.w.org\/{rel}","templated":true}]}}