{"id":10448,"date":"2021-10-14T09:36:36","date_gmt":"2021-10-14T14:36:36","guid":{"rendered":"https:\/\/www.derechoshumanos.gob.ec\/?p=10448"},"modified":"2021-10-14T09:36:37","modified_gmt":"2021-10-14T14:36:37","slug":"directorio-del-organismo-tecnico-del-sistema-nacional-de-rehabilitacion-social-recibio-al-eje-de-justicia-en-la-sesion-permanente","status":"publish","type":"post","link":"https:\/\/www.ministeriodegobierno.gob.ec\/derechoshumanos\/2021\/10\/14\/directorio-del-organismo-tecnico-del-sistema-nacional-de-rehabilitacion-social-recibio-al-eje-de-justicia-en-la-sesion-permanente\/","title":{"rendered":"DIRECTORIO DEL ORGANISMO T\u00c9CNICO DEL SISTEMA NACIONAL DE REHABILITACI\u00d3N SOCIAL RECIBI\u00d3 AL EJE DE JUSTICIA EN LA SESI\u00d3N PERMANENTE"},"content":{"rendered":"\n<p class=\"wp-block-paragraph\"><\/p>\n\n\n\n<p class=\"wp-block-paragraph\">El Directorio del Organismo T\u00e9cnico del Sistema Nacional de Rehabilitaci\u00f3n Social (SNRS), se encuentra en sesi\u00f3n permanente, conforme lo aprobado el pasado 07 de octubre; en ese sentido reinstal\u00f3 la sesi\u00f3n No 003, la cual cont\u00f3 con la presencia de los representantes del Consejo de la Judicatura, Corte Nacional de Justicia, Fiscal\u00eda General del Estado, Defensor\u00eda P\u00fablica y del Programa de la Uni\u00f3n Europea para fortalecer la lucha contra el Crimen Organizado en Am\u00e9rica Latina.<\/p>\n\n\n\n<p class=\"wp-block-paragraph\">En la sesi\u00f3n, Bol\u00edvar Garz\u00f3n, Director General del Servicio Nacional de Atenci\u00f3n Integral para Personas Privadas de Libertad y Adolescentes Infractores (SNAI), puso a consideraci\u00f3n del Directorio el \u201cPlan de Contingencia para el Registro Estandarizado de Informaci\u00f3n\u201d; y las directrices de evaluaci\u00f3n e implementaci\u00f3n del \u201cPlan de Contingencia\u201d, en el marco del objetivo cuatro de la pol\u00edtica p\u00fablica aprobada que tiene que ver con el dise\u00f1o e implementaci\u00f3n de un Sistema de Informaci\u00f3n de las personas privadas de libertad (PPL).<\/p>\n\n\n\n<p class=\"wp-block-paragraph\">Adem\u00e1s, Paloma Casado-Torre, coordinadora adjunta del componente de Sistemas Penitenciarios del Programa de la Uni\u00f3n Europea para fortalecer la lucha contra el Crimen Organizado en Am\u00e9rica Latina, realiz\u00f3 recomendaciones para cumplir con una pol\u00edtica p\u00fablica integral de rehabilitaci\u00f3n social.<\/p>\n\n\n\n<p class=\"wp-block-paragraph\">El Directorio del Organismo T\u00e9cnico mediante resoluci\u00f3n decidi\u00f3 que se conforme una Mesa T\u00e9cnica, que deber\u00e1 presentar en 15 d\u00edas las buenas pr\u00e1cticas en garant\u00edas penitenciarias, un modelo de gesti\u00f3n y flujograma\u00a0 del proceso y un programa para capacitaci\u00f3n a los jueces.<\/p>\n\n\n\n<p class=\"wp-block-paragraph\">Por otro lado, con el sentido de transparencia y oportunidad que caracteriza a la Secretar\u00eda de Derechos Humanos, Bernarda Ord\u00f3\u00f1ez Moscoso, como Presidenta del Directorio del Organismo T\u00e9cnico del Sistema Nacional de Rehabilitaci\u00f3n Social (SNRS) mantuvo un conversatorio con medios de comunicaci\u00f3n del pa\u00eds para dialogar sobre las acciones para el fortalecimiento del SNRS, enmarcadas en las atribuciones del Directorio y en las decisiones adoptadas por el Auto de verificaci\u00f3n de cumplimiento 14-12-AN-21 de la Corte Constitucional.<\/p>\n\n\n\n<p class=\"wp-block-paragraph\">El Directorio del Organismo T\u00e9cnico del SNRS, tiene como principal atribuci\u00f3n la determinaci\u00f3n y aplicaci\u00f3n de las pol\u00edticas p\u00fablicas de atenci\u00f3n integral de las personas privadas de libertad.<\/p>\n\n\n\n<p class=\"wp-block-paragraph\">Al respecto la Secretaria se\u00f1al\u00f3 que: \u201cla pol\u00edtica p\u00fablica va a estar lista en febrero de 2022, porque debemos hacer un diagn\u00f3stico en cada Centro de Rehabilitaci\u00f3n Social\u201d y manifest\u00f3 la importancia de contar con un presupuesto para la aplicaci\u00f3n de la misma, as\u00ed como la necesidad de establecer con claridad las competencias cada Instituci\u00f3n.<\/p>\n","protected":false},"excerpt":{"rendered":"<p class=\"excerpt\">El Directorio del Organismo T\u00e9cnico del Sistema Nacional de Rehabilitaci\u00f3n Social (SNRS), se encuentra en sesi\u00f3n permanente, conforme lo aprobado el pasado 07 de octubre; en ese sentido reinstal\u00f3 la sesi\u00f3n No 003, la cual cont\u00f3 con la presencia de los representantes del Consejo de la Judicatura, Corte Nacional de Justicia, Fiscal\u00eda General del Estado, Defensor\u00eda P\u00fablica y del Programa&hellip; <a href=\"https:\/\/www.ministeriodegobierno.gob.ec\/derechoshumanos\/2021\/10\/14\/directorio-del-organismo-tecnico-del-sistema-nacional-de-rehabilitacion-social-recibio-al-eje-de-justicia-en-la-sesion-permanente\/\">Read more &rarr;<\/a><\/p>\n","protected":false},"author":6,"featured_media":10450,"comment_status":"closed","ping_status":"closed","sticky":false,"template":"","format":"standard","meta":{"footnotes":""},"categories":[20,5,6],"tags":[],"class_list":["post-10448","post","type-post","status-publish","format-standard","has-post-thumbnail","hentry","category-boletin-de-prensa","category-noticias","category-noticias-destacadas","xfolkentry"],"_links":{"self":[{"href":"https:\/\/www.ministeriodegobierno.gob.ec\/derechoshumanos\/wp-json\/wp\/v2\/posts\/10448","targetHints":{"allow":["GET"]}}],"collection":[{"href":"https:\/\/www.ministeriodegobierno.gob.ec\/derechoshumanos\/wp-json\/wp\/v2\/posts"}],"about":[{"href":"https:\/\/www.ministeriodegobierno.gob.ec\/derechoshumanos\/wp-json\/wp\/v2\/types\/post"}],"author":[{"embeddable":true,"href":"https:\/\/www.ministeriodegobierno.gob.ec\/derechoshumanos\/wp-json\/wp\/v2\/users\/6"}],"replies":[{"embeddable":true,"href":"https:\/\/www.ministeriodegobierno.gob.ec\/derechoshumanos\/wp-json\/wp\/v2\/comments?post=10448"}],"version-history":[{"count":1,"href":"https:\/\/www.ministeriodegobierno.gob.ec\/derechoshumanos\/wp-json\/wp\/v2\/posts\/10448\/revisions"}],"predecessor-version":[{"id":10451,"href":"https:\/\/www.ministeriodegobierno.gob.ec\/derechoshumanos\/wp-json\/wp\/v2\/posts\/10448\/revisions\/10451"}],"wp:featuredmedia":[{"embeddable":true,"href":"https:\/\/www.ministeriodegobierno.gob.ec\/derechoshumanos\/wp-json\/wp\/v2\/media\/10450"}],"wp:attachment":[{"href":"https:\/\/www.ministeriodegobierno.gob.ec\/derechoshumanos\/wp-json\/wp\/v2\/media?parent=10448"}],"wp:term":[{"taxonomy":"category","embeddable":true,"href":"https:\/\/www.ministeriodegobierno.gob.ec\/derechoshumanos\/wp-json\/wp\/v2\/categories?post=10448"},{"taxonomy":"post_tag","embeddable":true,"href":"https:\/\/www.ministeriodegobierno.gob.ec\/derechoshumanos\/wp-json\/wp\/v2\/tags?post=10448"}],"curies":[{"name":"wp","href":"https:\/\/api.w.org\/{rel}","templated":true}]}}