{"id":10458,"date":"2021-10-14T15:24:10","date_gmt":"2021-10-14T20:24:10","guid":{"rendered":"https:\/\/www.derechoshumanos.gob.ec\/?p=10458"},"modified":"2021-10-14T15:24:10","modified_gmt":"2021-10-14T20:24:10","slug":"conmemoramos-el-dia-internacional-de-la-nina-con-taller-sobre-roles-estereotipos-y-prevencion-de-la-violencia-contra-las-mujeres-en-portoviejo","status":"publish","type":"post","link":"https:\/\/www.ministeriodegobierno.gob.ec\/derechoshumanos\/2021\/10\/14\/conmemoramos-el-dia-internacional-de-la-nina-con-taller-sobre-roles-estereotipos-y-prevencion-de-la-violencia-contra-las-mujeres-en-portoviejo\/","title":{"rendered":"Conmemoramos el D\u00eda Internacional de la Ni\u00f1a con taller  sobre Roles, Estereotipos y Prevenci\u00f3n de la Violencia contra las Mujeres en Portoviejo"},"content":{"rendered":"\n<p class=\"wp-block-paragraph\"><\/p>\n\n\n\n<p class=\"wp-block-paragraph\">Al conmemorarse el D\u00eda Internacional de la Ni\u00f1a, la Secretar\u00eda de Derechos Humanos capacit\u00f3 a Lideresas de la Asociaci\u00f3n de Mujer Santa Marta sobre Roles, Estereotipos, y Prevenci\u00f3n de la Violencia contra las Mujeres, para la atenci\u00f3n oportuna a ni\u00f1as, sobrevivientes de violencia de g\u00e9nero.<\/p>\n\n\n\n<p class=\"wp-block-paragraph\">Este proceso de formaci\u00f3n busca dimensionar la realidad de esta problem\u00e1tica contra las ni\u00f1as en el Ecuador, para establecer mecanismos de atenci\u00f3n claros y oportunos.<\/p>\n\n\n\n<p class=\"wp-block-paragraph\">En este taller participaron lideresas de 14 Centros de Atenci\u00f3n Primaria de Manab\u00ed para ni\u00f1as y mujeres sobrevivientes de violencia. Como parte de las actividades se socializ\u00f3 la II Encuesta Nacional de Relaciones Familiares y Violencia de G\u00e9nero y se detall\u00f3 estad\u00edsticamente el impacto de la violencia en Ecuador.<\/p>\n\n\n\n<p class=\"wp-block-paragraph\">Tambi\u00e9n se analiz\u00f3 la Ley Org\u00e1nica Integral para Prevenir y Erradicar la Violencia Contra las Mujeres, su impacto, mecanismos de activaci\u00f3n, rutas de atenci\u00f3n, competencias y roles de las instituciones.<\/p>\n\n\n\n<p class=\"wp-block-paragraph\">Al respecto Juan Carlos Pe\u00f1afiel, Coordinador de la Oficina T\u00e9cnica Zonal 4 se\u00f1al\u00f3:&nbsp; \u201c<em>el D\u00eda Internacional de la Ni\u00f1a constituye un hito y precedente hist\u00f3rico de reconocimiento que visibiliza, recuerda y posesiona el rol indispensable de este grupo en la toma de decisiones y la implementaci\u00f3n de una pol\u00edtica p\u00fablica que garantice espacios seguros y libres de violencia\u201d.&nbsp;&nbsp;&nbsp;&nbsp;&nbsp;&nbsp;&nbsp;&nbsp;&nbsp;&nbsp;&nbsp;&nbsp;&nbsp;&nbsp;&nbsp;&nbsp;&nbsp;&nbsp;&nbsp;&nbsp;&nbsp;&nbsp;&nbsp;&nbsp;&nbsp;&nbsp;&nbsp;&nbsp;&nbsp;&nbsp;&nbsp;&nbsp;&nbsp;&nbsp;&nbsp;&nbsp;&nbsp;&nbsp;&nbsp;&nbsp;&nbsp;&nbsp;&nbsp;&nbsp;&nbsp;&nbsp;&nbsp;&nbsp;&nbsp;&nbsp;&nbsp;&nbsp;&nbsp;&nbsp;&nbsp;&nbsp;&nbsp;&nbsp;&nbsp;&nbsp;&nbsp;&nbsp;&nbsp;&nbsp;&nbsp;&nbsp;&nbsp;&nbsp;&nbsp;&nbsp;&nbsp;&nbsp;&nbsp;&nbsp;&nbsp;&nbsp;&nbsp;&nbsp;&nbsp;&nbsp;&nbsp;&nbsp;&nbsp;&nbsp;&nbsp;&nbsp;&nbsp;&nbsp;&nbsp;&nbsp;&nbsp;&nbsp;&nbsp;&nbsp;&nbsp;&nbsp;&nbsp;&nbsp;&nbsp;&nbsp;&nbsp;&nbsp;&nbsp;&nbsp;&nbsp;&nbsp;&nbsp;&nbsp;&nbsp;&nbsp;&nbsp;&nbsp;&nbsp;&nbsp;&nbsp;&nbsp;&nbsp;&nbsp;&nbsp;&nbsp;&nbsp;&nbsp;&nbsp;&nbsp;&nbsp;&nbsp;&nbsp;&nbsp;&nbsp;&nbsp;&nbsp;&nbsp;&nbsp;&nbsp;&nbsp;&nbsp;&nbsp;&nbsp;&nbsp;&nbsp;&nbsp;&nbsp;&nbsp;&nbsp;&nbsp;&nbsp;&nbsp;&nbsp;&nbsp;&nbsp;&nbsp;&nbsp;&nbsp;&nbsp;&nbsp;&nbsp;&nbsp;&nbsp;&nbsp;&nbsp;&nbsp;&nbsp;&nbsp;&nbsp;&nbsp;&nbsp;&nbsp;&nbsp;&nbsp;&nbsp;&nbsp;&nbsp;&nbsp;&nbsp;&nbsp;&nbsp;&nbsp;&nbsp;&nbsp;&nbsp;&nbsp;&nbsp;&nbsp;&nbsp;&nbsp;&nbsp;&nbsp;&nbsp;&nbsp;&nbsp;&nbsp;&nbsp;&nbsp;&nbsp;&nbsp;&nbsp;&nbsp;&nbsp;&nbsp;&nbsp;&nbsp;&nbsp;&nbsp;&nbsp;&nbsp;&nbsp;&nbsp;&nbsp;&nbsp;&nbsp;&nbsp;&nbsp;&nbsp; &nbsp;&nbsp;&nbsp;&nbsp;&nbsp;&nbsp;&nbsp;&nbsp;&nbsp;&nbsp;&nbsp;&nbsp;&nbsp;&nbsp;&nbsp;&nbsp;&nbsp;&nbsp;&nbsp;&nbsp;&nbsp;&nbsp;&nbsp;&nbsp;&nbsp;&nbsp;&nbsp;&nbsp;&nbsp;&nbsp;&nbsp;&nbsp;&nbsp;&nbsp;<\/em><\/p>\n","protected":false},"excerpt":{"rendered":"<p class=\"excerpt\">Al conmemorarse el D\u00eda Internacional de la Ni\u00f1a, la Secretar\u00eda de Derechos Humanos capacit\u00f3 a Lideresas de la Asociaci\u00f3n de Mujer Santa Marta sobre Roles, Estereotipos, y Prevenci\u00f3n de la Violencia contra las Mujeres, para la atenci\u00f3n oportuna a ni\u00f1as, sobrevivientes de violencia de g\u00e9nero. Este proceso de formaci\u00f3n busca dimensionar la realidad de esta problem\u00e1tica contra las ni\u00f1as en&hellip; <a href=\"https:\/\/www.ministeriodegobierno.gob.ec\/derechoshumanos\/2021\/10\/14\/conmemoramos-el-dia-internacional-de-la-nina-con-taller-sobre-roles-estereotipos-y-prevencion-de-la-violencia-contra-las-mujeres-en-portoviejo\/\">Read more &rarr;<\/a><\/p>\n","protected":false},"author":6,"featured_media":10459,"comment_status":"closed","ping_status":"closed","sticky":false,"template":"","format":"standard","meta":{"footnotes":""},"categories":[20,5,6],"tags":[],"class_list":["post-10458","post","type-post","status-publish","format-standard","has-post-thumbnail","hentry","category-boletin-de-prensa","category-noticias","category-noticias-destacadas","xfolkentry"],"_links":{"self":[{"href":"https:\/\/www.ministeriodegobierno.gob.ec\/derechoshumanos\/wp-json\/wp\/v2\/posts\/10458","targetHints":{"allow":["GET"]}}],"collection":[{"href":"https:\/\/www.ministeriodegobierno.gob.ec\/derechoshumanos\/wp-json\/wp\/v2\/posts"}],"about":[{"href":"https:\/\/www.ministeriodegobierno.gob.ec\/derechoshumanos\/wp-json\/wp\/v2\/types\/post"}],"author":[{"embeddable":true,"href":"https:\/\/www.ministeriodegobierno.gob.ec\/derechoshumanos\/wp-json\/wp\/v2\/users\/6"}],"replies":[{"embeddable":true,"href":"https:\/\/www.ministeriodegobierno.gob.ec\/derechoshumanos\/wp-json\/wp\/v2\/comments?post=10458"}],"version-history":[{"count":1,"href":"https:\/\/www.ministeriodegobierno.gob.ec\/derechoshumanos\/wp-json\/wp\/v2\/posts\/10458\/revisions"}],"predecessor-version":[{"id":10460,"href":"https:\/\/www.ministeriodegobierno.gob.ec\/derechoshumanos\/wp-json\/wp\/v2\/posts\/10458\/revisions\/10460"}],"wp:featuredmedia":[{"embeddable":true,"href":"https:\/\/www.ministeriodegobierno.gob.ec\/derechoshumanos\/wp-json\/wp\/v2\/media\/10459"}],"wp:attachment":[{"href":"https:\/\/www.ministeriodegobierno.gob.ec\/derechoshumanos\/wp-json\/wp\/v2\/media?parent=10458"}],"wp:term":[{"taxonomy":"category","embeddable":true,"href":"https:\/\/www.ministeriodegobierno.gob.ec\/derechoshumanos\/wp-json\/wp\/v2\/categories?post=10458"},{"taxonomy":"post_tag","embeddable":true,"href":"https:\/\/www.ministeriodegobierno.gob.ec\/derechoshumanos\/wp-json\/wp\/v2\/tags?post=10458"}],"curies":[{"name":"wp","href":"https:\/\/api.w.org\/{rel}","templated":true}]}}