{"id":10462,"date":"2021-10-14T15:43:31","date_gmt":"2021-10-14T20:43:31","guid":{"rendered":"https:\/\/www.derechoshumanos.gob.ec\/?p=10462"},"modified":"2021-10-14T15:43:32","modified_gmt":"2021-10-14T20:43:32","slug":"en-biblian-articulamos-acciones-para-la-prevencion-y-erradicacion-de-la-violencia-contra-ninas-ninos-adolescentes-y-mujeres-sobrevivientes-de-violencia","status":"publish","type":"post","link":"https:\/\/www.ministeriodegobierno.gob.ec\/derechoshumanos\/2021\/10\/14\/en-biblian-articulamos-acciones-para-la-prevencion-y-erradicacion-de-la-violencia-contra-ninas-ninos-adolescentes-y-mujeres-sobrevivientes-de-violencia\/","title":{"rendered":"En Bibli\u00e1n articulamos acciones para la prevenci\u00f3n y erradicaci\u00f3n de la violencia contra ni\u00f1as, ni\u00f1os, adolescentes y mujeres sobrevivientes de violencia."},"content":{"rendered":"\n<p class=\"wp-block-paragraph\"><\/p>\n\n\n\n<p class=\"wp-block-paragraph\">La Directora Zonal 6, Esperanza Neira, cumpli\u00f3 agenda en el cant\u00f3n Bibli\u00e1n, donde mantuvo varias reuniones de trabajo con autoridades y representantes de las Instituciones que conforman el Sistema Nacional Integral para Prevenir y Erradicar la Violencia, con la finalidad socializar las competencias y el trabajo\u00a0 que realiza la Secretar\u00eda de Derechos Humanos.<\/p>\n\n\n\n<p class=\"wp-block-paragraph\">Indic\u00f3 adem\u00e1s las funciones de los Servicios de Protecci\u00f3n Integral\u00a0 y la importancia de fortalecer el trabajo articulado en territorio para la prevenci\u00f3n, atenci\u00f3n, protecci\u00f3n y restituci\u00f3n de los derechos de las ni\u00f1as, ni\u00f1os, adolescentes y mujeres sobrevivientes de todo tipo de violencia.<\/p>\n\n\n\n<p class=\"wp-block-paragraph\">Esperanza Neira, se reuni\u00f3 con Guillermo Espinoza, Alcalde del cant\u00f3n y Miguel Rodr\u00edguez, Vicealcalde, para coordinar acciones en beneficio de las personas en situaci\u00f3n de vulnerabilidad.<\/p>\n\n\n\n<p class=\"wp-block-paragraph\">Con el Comisario de Polic\u00eda, Marcelo Zha\u00f1ay, articul\u00f3 acciones interinstitucionales para la atenci\u00f3n oportuna as\u00ed como desarrollar capacitaciones continuas a sobrevivientes de violencia y funcionarios p\u00fablicos.<\/p>\n\n\n\n<p class=\"wp-block-paragraph\">En este marco la Directora Zonal 6 mencion\u00f3: <em>\u00ab<\/em><em>la Secretar\u00eda de Derechos Humanos ratifica su compromiso de trabajo en el cant\u00f3n Bibli\u00e1n, provincia de Ca\u00f1ar, desarrollando estrategias con actores locales para prevenir y erradicar toda forma de violencia de g\u00e9nero y&nbsp;alcanzar que los derechos reconocidos en nuestra Constituci\u00f3n se conviertan en una realidad para todos\u00bb.<\/em><\/p>\n","protected":false},"excerpt":{"rendered":"<p class=\"excerpt\">La Directora Zonal 6, Esperanza Neira, cumpli\u00f3 agenda en el cant\u00f3n Bibli\u00e1n, donde mantuvo varias reuniones de trabajo con autoridades y representantes de las Instituciones que conforman el Sistema Nacional Integral para Prevenir y Erradicar la Violencia, con la finalidad socializar las competencias y el trabajo\u00a0 que realiza la Secretar\u00eda de Derechos Humanos. Indic\u00f3 adem\u00e1s las funciones de los Servicios&hellip; <a href=\"https:\/\/www.ministeriodegobierno.gob.ec\/derechoshumanos\/2021\/10\/14\/en-biblian-articulamos-acciones-para-la-prevencion-y-erradicacion-de-la-violencia-contra-ninas-ninos-adolescentes-y-mujeres-sobrevivientes-de-violencia\/\">Read more &rarr;<\/a><\/p>\n","protected":false},"author":6,"featured_media":10465,"comment_status":"closed","ping_status":"closed","sticky":false,"template":"","format":"standard","meta":{"footnotes":""},"categories":[20,5,6],"tags":[],"class_list":["post-10462","post","type-post","status-publish","format-standard","has-post-thumbnail","hentry","category-boletin-de-prensa","category-noticias","category-noticias-destacadas","xfolkentry"],"_links":{"self":[{"href":"https:\/\/www.ministeriodegobierno.gob.ec\/derechoshumanos\/wp-json\/wp\/v2\/posts\/10462","targetHints":{"allow":["GET"]}}],"collection":[{"href":"https:\/\/www.ministeriodegobierno.gob.ec\/derechoshumanos\/wp-json\/wp\/v2\/posts"}],"about":[{"href":"https:\/\/www.ministeriodegobierno.gob.ec\/derechoshumanos\/wp-json\/wp\/v2\/types\/post"}],"author":[{"embeddable":true,"href":"https:\/\/www.ministeriodegobierno.gob.ec\/derechoshumanos\/wp-json\/wp\/v2\/users\/6"}],"replies":[{"embeddable":true,"href":"https:\/\/www.ministeriodegobierno.gob.ec\/derechoshumanos\/wp-json\/wp\/v2\/comments?post=10462"}],"version-history":[{"count":1,"href":"https:\/\/www.ministeriodegobierno.gob.ec\/derechoshumanos\/wp-json\/wp\/v2\/posts\/10462\/revisions"}],"predecessor-version":[{"id":10466,"href":"https:\/\/www.ministeriodegobierno.gob.ec\/derechoshumanos\/wp-json\/wp\/v2\/posts\/10462\/revisions\/10466"}],"wp:featuredmedia":[{"embeddable":true,"href":"https:\/\/www.ministeriodegobierno.gob.ec\/derechoshumanos\/wp-json\/wp\/v2\/media\/10465"}],"wp:attachment":[{"href":"https:\/\/www.ministeriodegobierno.gob.ec\/derechoshumanos\/wp-json\/wp\/v2\/media?parent=10462"}],"wp:term":[{"taxonomy":"category","embeddable":true,"href":"https:\/\/www.ministeriodegobierno.gob.ec\/derechoshumanos\/wp-json\/wp\/v2\/categories?post=10462"},{"taxonomy":"post_tag","embeddable":true,"href":"https:\/\/www.ministeriodegobierno.gob.ec\/derechoshumanos\/wp-json\/wp\/v2\/tags?post=10462"}],"curies":[{"name":"wp","href":"https:\/\/api.w.org\/{rel}","templated":true}]}}