{"id":10467,"date":"2021-10-18T15:16:22","date_gmt":"2021-10-18T20:16:22","guid":{"rendered":"https:\/\/www.derechoshumanos.gob.ec\/?p=10467"},"modified":"2021-10-18T15:16:23","modified_gmt":"2021-10-18T20:16:23","slug":"la-secretaria-de-derechos-humanos-capacito-a-comisarios-y-tenientes-politicos-de-loja-sobre-prevencion-de-violencia-contra-las-mujeres","status":"publish","type":"post","link":"https:\/\/www.ministeriodegobierno.gob.ec\/derechoshumanos\/2021\/10\/18\/la-secretaria-de-derechos-humanos-capacito-a-comisarios-y-tenientes-politicos-de-loja-sobre-prevencion-de-violencia-contra-las-mujeres\/","title":{"rendered":"LA SECRETAR\u00cdA DE DERECHOS HUMANOS CAPACIT\u00d3 A COMISARIOS Y TENIENTES POL\u00cdTICOS DE LOJA SOBRE PREVENCI\u00d3N DE VIOLENCIA CONTRA LAS MUJERES"},"content":{"rendered":"\n<p class=\"wp-block-paragraph\"><\/p>\n\n\n\n<p class=\"wp-block-paragraph\"><strong>Loja, Ecuador.-<\/strong> 76 Comisarios y Tenientes Pol\u00edticos de la provincia de Loja, fueron capacitados sobre la Ley Org\u00e1nica Integral para Prevenir y Erradicar la Violencia contra las Mujeres, con la finalidad de sensibilizar a los funcionarios en esta problem\u00e1tica social y as\u00ed lograr que la atenci\u00f3n que brindan a sobrevivientes de violencia, sea oportuna y con enfoque de derechos humanos.<\/p>\n\n\n\n<p class=\"wp-block-paragraph\">Esta capacitaci\u00f3n se realiz\u00f3 mediante la coordinaci\u00f3n interinstitucional entre la Secretar\u00eda de Derechos Humanos, el Consejo de la Judicatura, la Gobernaci\u00f3n de Loja, la Polic\u00eda Nacional, mediante la Intendencia General y la Unidad de Investigaci\u00f3n contra la Violencia de G\u00e9nero, Mujer o miembro del N\u00facleo Familiar (UNIVIF).<\/p>\n\n\n\n<p class=\"wp-block-paragraph\">Entre las tem\u00e1ticas que se impartieron en este taller fueron: Servicios y competencias de la Secretar\u00eda de Derechos Humanos; Sensibilizaci\u00f3n en temas de violencia; Rutas de atenci\u00f3n y denuncia, as\u00ed como la explicacion de la herramienta virtual de Femicidios EC\u201d y \u201cProtocolo y Procedimiento en casos de atenci\u00f3n a v\u00edctimas de violencia &#8211; servicio preventivo e investigativo.<\/p>\n\n\n\n<p class=\"wp-block-paragraph\">La responsable de la Oficina T\u00e9cnica Zona 7, Sophia Cueva Mej\u00eda, manifest\u00f3: \u201cmientras todas las instituciones que formamos parte del sistema, realicemos un trabajo articulado, y organizado, las v\u00edctimas y sobrevivientes de violencia tendr\u00e1n una atenci\u00f3n especializada, integral y oportuna por parte del Estado\u201d.<\/p>\n","protected":false},"excerpt":{"rendered":"<p class=\"excerpt\">Loja, Ecuador.- 76 Comisarios y Tenientes Pol\u00edticos de la provincia de Loja, fueron capacitados sobre la Ley Org\u00e1nica Integral para Prevenir y Erradicar la Violencia contra las Mujeres, con la finalidad de sensibilizar a los funcionarios en esta problem\u00e1tica social y as\u00ed lograr que la atenci\u00f3n que brindan a sobrevivientes de violencia, sea oportuna y con enfoque de derechos humanos.&hellip; <a href=\"https:\/\/www.ministeriodegobierno.gob.ec\/derechoshumanos\/2021\/10\/18\/la-secretaria-de-derechos-humanos-capacito-a-comisarios-y-tenientes-politicos-de-loja-sobre-prevencion-de-violencia-contra-las-mujeres\/\">Read more &rarr;<\/a><\/p>\n","protected":false},"author":6,"featured_media":10468,"comment_status":"closed","ping_status":"closed","sticky":false,"template":"","format":"standard","meta":{"footnotes":""},"categories":[20,5,6],"tags":[],"class_list":["post-10467","post","type-post","status-publish","format-standard","has-post-thumbnail","hentry","category-boletin-de-prensa","category-noticias","category-noticias-destacadas","xfolkentry"],"_links":{"self":[{"href":"https:\/\/www.ministeriodegobierno.gob.ec\/derechoshumanos\/wp-json\/wp\/v2\/posts\/10467","targetHints":{"allow":["GET"]}}],"collection":[{"href":"https:\/\/www.ministeriodegobierno.gob.ec\/derechoshumanos\/wp-json\/wp\/v2\/posts"}],"about":[{"href":"https:\/\/www.ministeriodegobierno.gob.ec\/derechoshumanos\/wp-json\/wp\/v2\/types\/post"}],"author":[{"embeddable":true,"href":"https:\/\/www.ministeriodegobierno.gob.ec\/derechoshumanos\/wp-json\/wp\/v2\/users\/6"}],"replies":[{"embeddable":true,"href":"https:\/\/www.ministeriodegobierno.gob.ec\/derechoshumanos\/wp-json\/wp\/v2\/comments?post=10467"}],"version-history":[{"count":1,"href":"https:\/\/www.ministeriodegobierno.gob.ec\/derechoshumanos\/wp-json\/wp\/v2\/posts\/10467\/revisions"}],"predecessor-version":[{"id":10469,"href":"https:\/\/www.ministeriodegobierno.gob.ec\/derechoshumanos\/wp-json\/wp\/v2\/posts\/10467\/revisions\/10469"}],"wp:featuredmedia":[{"embeddable":true,"href":"https:\/\/www.ministeriodegobierno.gob.ec\/derechoshumanos\/wp-json\/wp\/v2\/media\/10468"}],"wp:attachment":[{"href":"https:\/\/www.ministeriodegobierno.gob.ec\/derechoshumanos\/wp-json\/wp\/v2\/media?parent=10467"}],"wp:term":[{"taxonomy":"category","embeddable":true,"href":"https:\/\/www.ministeriodegobierno.gob.ec\/derechoshumanos\/wp-json\/wp\/v2\/categories?post=10467"},{"taxonomy":"post_tag","embeddable":true,"href":"https:\/\/www.ministeriodegobierno.gob.ec\/derechoshumanos\/wp-json\/wp\/v2\/tags?post=10467"}],"curies":[{"name":"wp","href":"https:\/\/api.w.org\/{rel}","templated":true}]}}