{"id":10470,"date":"2021-10-20T20:37:05","date_gmt":"2021-10-21T01:37:05","guid":{"rendered":"https:\/\/www.derechoshumanos.gob.ec\/?p=10470"},"modified":"2021-10-20T20:37:06","modified_gmt":"2021-10-21T01:37:06","slug":"se-reinstalo-la-sesion-extraordinaria-del-directorio-del-organismo-tecnico-del-sistema-nacional-de-rehabilitacion-social","status":"publish","type":"post","link":"https:\/\/www.ministeriodegobierno.gob.ec\/derechoshumanos\/2021\/10\/20\/se-reinstalo-la-sesion-extraordinaria-del-directorio-del-organismo-tecnico-del-sistema-nacional-de-rehabilitacion-social\/","title":{"rendered":"SE REINSTAL\u00d3 LA SESI\u00d3N EXTRAORDINARIA DEL DIRECTORIO DEL ORGANISMO T\u00c9CNICO DEL SISTEMA NACIONAL DE REHABILITACI\u00d3N SOCIAL"},"content":{"rendered":"\n<p class=\"wp-block-paragraph\"><\/p>\n\n\n\n<p class=\"wp-block-paragraph\"><strong>Quito, Ecuador. \u2013<\/strong> El Directorio del Organismo T\u00e9cnico del Sistema Nacional de Rehabilitaci\u00f3n Social (SNRS); contin\u00faa en&nbsp; sesi\u00f3n permanente, en esta jornada recibi\u00f3 a representantes del ECU 911 y del Ministerio de Econom\u00eda y Finanzas y trat\u00f3 temas inherentes al ingreso del Mecanismo de Prevenci\u00f3n de la Tortura de la Defensor\u00eda del Pueblo y otros relacionados con la institucionalidad del Servicio Nacional de Atenci\u00f3n Integral para Personas Privadas de Libertad y Adolescentes Infractores (SNAI).<\/p>\n\n\n\n<p class=\"wp-block-paragraph\">En la sesi\u00f3n, Bernarda Ord\u00f3\u00f1ez Moscoso, Presidenta del Directorio del Organismo T\u00e9cnico se\u00f1al\u00f3 que es importante que la estructura org\u00e1nica permita al SNAI tener toda la agilidad para procesar todas sus competencias y resalt\u00f3 la necesidad de fortalecer el tratamiento de beneficios penitenciarios para as\u00ed reducir el hacinamiento en los centros de rehabilitaci\u00f3n social.<\/p>\n\n\n\n<p class=\"wp-block-paragraph\">Bol\u00edvar Garz\u00f3n, Director General del (SNAI), present\u00f3 la Mesa T\u00e9cnica que trabajar\u00e1 en la consecuci\u00f3n del dise\u00f1o de insumos t\u00e9cnicos que garanticen el cumplimiento del objetivo tres que tiene que ver con, \u201cInstitucionalizar al Sistema de Rehabilitaci\u00f3n Social y fortalecer sus capacidades\u201d; en ese sentido se analiz\u00f3 el Estatuto Org\u00e1nico Institucional y Manual de puestos del SNAI; el cual una vez presentado con su reestructuraci\u00f3n contar\u00e1 con el t\u00e9rmino de sesenta d\u00edas para la aprobaci\u00f3n por parte del Ministerio del Trabajo; adem\u00e1s se cont\u00f3 con la presencia del Ministerio de Econom\u00eda y Finanzas, quienes trabajan para garantizar la asignaci\u00f3n presupuestaria en concordancia con la disposici\u00f3n de la Corte Constitucional.<\/p>\n\n\n\n<p class=\"wp-block-paragraph\">Por otro lado, el Directorio aprob\u00f3 por unanimidad las directrices de acceso de c\u00e1maras fotogr\u00e1ficas y grabadoras de voz a los centros de privaci\u00f3n de libertad por parte de los servidores p\u00fablicos que integran el Mecanismo de Prevenci\u00f3n de la Tortura de la Defensor\u00eda del Pueblo con el fin de garantizar el efectivo desempe\u00f1o de sus funciones; decisi\u00f3n enmarcada en las atribuciones del Directorio y en las decisiones adoptadas por el Auto de verificaci\u00f3n de cumplimiento 14-12-AN-21 de la Corte Constitucional.<\/p>\n\n\n\n<p class=\"wp-block-paragraph\">El Directorio ejerce la rector\u00eda de las pol\u00edticas p\u00fablicas del Sistema Nacional de Rehabilitaci\u00f3n Social, y el 07 de octubre de 2021 se declar\u00f3 en sesi\u00f3n permanente para atender de manera integral la situaci\u00f3n del Sistema, y ejecutar el respectivo seguimiento a las disposiciones dadas por el Presidente de la Rep\u00fablica y por la Corte Constitucional en el marco de protecci\u00f3n de derechos de las personas privadas de libertad como grupo de atenci\u00f3n prioritaria.<\/p>\n","protected":false},"excerpt":{"rendered":"<p class=\"excerpt\">Quito, Ecuador. \u2013 El Directorio del Organismo T\u00e9cnico del Sistema Nacional de Rehabilitaci\u00f3n Social (SNRS); contin\u00faa en&nbsp; sesi\u00f3n permanente, en esta jornada recibi\u00f3 a representantes del ECU 911 y del Ministerio de Econom\u00eda y Finanzas y trat\u00f3 temas inherentes al ingreso del Mecanismo de Prevenci\u00f3n de la Tortura de la Defensor\u00eda del Pueblo y otros relacionados con la institucionalidad del&hellip; <a href=\"https:\/\/www.ministeriodegobierno.gob.ec\/derechoshumanos\/2021\/10\/20\/se-reinstalo-la-sesion-extraordinaria-del-directorio-del-organismo-tecnico-del-sistema-nacional-de-rehabilitacion-social\/\">Read more &rarr;<\/a><\/p>\n","protected":false},"author":6,"featured_media":10471,"comment_status":"closed","ping_status":"closed","sticky":false,"template":"","format":"standard","meta":{"footnotes":""},"categories":[20,5,6],"tags":[],"class_list":["post-10470","post","type-post","status-publish","format-standard","has-post-thumbnail","hentry","category-boletin-de-prensa","category-noticias","category-noticias-destacadas","xfolkentry"],"_links":{"self":[{"href":"https:\/\/www.ministeriodegobierno.gob.ec\/derechoshumanos\/wp-json\/wp\/v2\/posts\/10470","targetHints":{"allow":["GET"]}}],"collection":[{"href":"https:\/\/www.ministeriodegobierno.gob.ec\/derechoshumanos\/wp-json\/wp\/v2\/posts"}],"about":[{"href":"https:\/\/www.ministeriodegobierno.gob.ec\/derechoshumanos\/wp-json\/wp\/v2\/types\/post"}],"author":[{"embeddable":true,"href":"https:\/\/www.ministeriodegobierno.gob.ec\/derechoshumanos\/wp-json\/wp\/v2\/users\/6"}],"replies":[{"embeddable":true,"href":"https:\/\/www.ministeriodegobierno.gob.ec\/derechoshumanos\/wp-json\/wp\/v2\/comments?post=10470"}],"version-history":[{"count":1,"href":"https:\/\/www.ministeriodegobierno.gob.ec\/derechoshumanos\/wp-json\/wp\/v2\/posts\/10470\/revisions"}],"predecessor-version":[{"id":10472,"href":"https:\/\/www.ministeriodegobierno.gob.ec\/derechoshumanos\/wp-json\/wp\/v2\/posts\/10470\/revisions\/10472"}],"wp:featuredmedia":[{"embeddable":true,"href":"https:\/\/www.ministeriodegobierno.gob.ec\/derechoshumanos\/wp-json\/wp\/v2\/media\/10471"}],"wp:attachment":[{"href":"https:\/\/www.ministeriodegobierno.gob.ec\/derechoshumanos\/wp-json\/wp\/v2\/media?parent=10470"}],"wp:term":[{"taxonomy":"category","embeddable":true,"href":"https:\/\/www.ministeriodegobierno.gob.ec\/derechoshumanos\/wp-json\/wp\/v2\/categories?post=10470"},{"taxonomy":"post_tag","embeddable":true,"href":"https:\/\/www.ministeriodegobierno.gob.ec\/derechoshumanos\/wp-json\/wp\/v2\/tags?post=10470"}],"curies":[{"name":"wp","href":"https:\/\/api.w.org\/{rel}","templated":true}]}}