{"id":10474,"date":"2021-10-25T09:27:38","date_gmt":"2021-10-25T14:27:38","guid":{"rendered":"https:\/\/www.derechoshumanos.gob.ec\/?p=10474"},"modified":"2021-10-25T09:27:39","modified_gmt":"2021-10-25T14:27:39","slug":"la-secretaria-de-derechos-humanos-realizo-capacitacion-en-prevencion-de-la-violencia-contra-las-mujeres-en-el-ambito-educativo-a-representantes-de-universidades-e-institutos-de-manabi-y-santo-domingo","status":"publish","type":"post","link":"https:\/\/www.ministeriodegobierno.gob.ec\/derechoshumanos\/2021\/10\/25\/la-secretaria-de-derechos-humanos-realizo-capacitacion-en-prevencion-de-la-violencia-contra-las-mujeres-en-el-ambito-educativo-a-representantes-de-universidades-e-institutos-de-manabi-y-santo-domingo\/","title":{"rendered":"La Secretar\u00eda de Derechos Humanos realiz\u00f3 capacitaci\u00f3n en prevenci\u00f3n de la violencia contra las mujeres en el \u00e1mbito educativo a representantes de Universidades e Institutos de Manab\u00ed y Santo Domingo de los Ts\u00e1chilas"},"content":{"rendered":"\n<p class=\"wp-block-paragraph\"><\/p>\n\n\n\n<p class=\"wp-block-paragraph\"><strong>Portoviejo,&nbsp; Ecuador.- <\/strong>La Secretar\u00eda de Derechos Humanos capacit\u00f3 a representantes de Universidades e Institutos de educaci\u00f3n superior y Departamentos de Bienestar Estudiantil de las provincias de Manab\u00ed y Santo Domingo de los Ts\u00e1chilas en prevenci\u00f3n de la violencia contra las mujeres.<\/p>\n\n\n\n<p class=\"wp-block-paragraph\">Esta actividad tuvo como eje principal socializar las competencias de esta cartera de Estado, articular acciones para el fortalecimiento de los protocolos para la atenci\u00f3n a sobrevivientes de violencia en el \u00e1mbito educativo superior.<\/p>\n\n\n\n<p class=\"wp-block-paragraph\">Adem\u00e1s, se socializ\u00f3 el funcionamiento de los Servicios de Protecci\u00f3n Integral y Centros de Atenci\u00f3n, as\u00ed como su presencia en territorio para la articulaci\u00f3n con las diferentes instancias de educaci\u00f3n superior.<\/p>\n\n\n\n<p class=\"wp-block-paragraph\"><br>Se detect\u00f3 que las Universidades e Institutos no cuentan con protocolos de atenci\u00f3n a sobrevivientes y se identific\u00f3 que se presentan debilidades en la implementaci\u00f3n de este instrumento.<\/p>\n\n\n\n<p class=\"wp-block-paragraph\"><br>Como compromisos a futuro se acord\u00f3 conformar un Comit\u00e9 T\u00e9cnico de Gesti\u00f3n, Acompa\u00f1amiento y Apoyo para la atenci\u00f3n a sobrevivientes de violencia, hasta que exista una ruta definida y aprobada de actuaci\u00f3n en el \u00e1mbito universitario. Tambi\u00e9n T\u00e9cnico presentara una propuesta calendarizada de capacitaci\u00f3n en Rutas de Atenci\u00f3n a Sobrevivientes de Violencia a las Entidades de Educaci\u00f3n Superior.<\/p>\n\n\n\n<p class=\"wp-block-paragraph\">Al respecto el Coordinador de la Oficina T\u00e9cnica 4, Juan Carlos Pe\u00f1afiel se\u00f1al\u00f3 que &nbsp;\u201cla activaci\u00f3n de rutas de atenci\u00f3n a sobrevivientes de violencia en las instituciones de educaci\u00f3n superior es fundamental para garantizar aulas seguras y libre de violencia\u201d.&nbsp;&nbsp;&nbsp;&nbsp;&nbsp;&nbsp;&nbsp;&nbsp;&nbsp;&nbsp;&nbsp;&nbsp;&nbsp;&nbsp;&nbsp;&nbsp;&nbsp;&nbsp; &nbsp;&nbsp;&nbsp;&nbsp;&nbsp;&nbsp;&nbsp;&nbsp;&nbsp;&nbsp;&nbsp;&nbsp;&nbsp;&nbsp;&nbsp;&nbsp;&nbsp;&nbsp;&nbsp;&nbsp;&nbsp;&nbsp;&nbsp;&nbsp;&nbsp;&nbsp;&nbsp;&nbsp;&nbsp;&nbsp;&nbsp;&nbsp;&nbsp;&nbsp;&nbsp;&nbsp;&nbsp;&nbsp;&nbsp;&nbsp;&nbsp;&nbsp;&nbsp;&nbsp;&nbsp;&nbsp;&nbsp;&nbsp;&nbsp;&nbsp;&nbsp;&nbsp;&nbsp;&nbsp;&nbsp;&nbsp;&nbsp;&nbsp;&nbsp;&nbsp;&nbsp;&nbsp;&nbsp;&nbsp;&nbsp;&nbsp;&nbsp;&nbsp;&nbsp;&nbsp;&nbsp;&nbsp;&nbsp;&nbsp;&nbsp;&nbsp;&nbsp;&nbsp;&nbsp;&nbsp;&nbsp;&nbsp;&nbsp;&nbsp;&nbsp;&nbsp;&nbsp;&nbsp;&nbsp;&nbsp;&nbsp;&nbsp;&nbsp;&nbsp;&nbsp;&nbsp;&nbsp;&nbsp;&nbsp;&nbsp;&nbsp;&nbsp;&nbsp;&nbsp;&nbsp;&nbsp;&nbsp;&nbsp;&nbsp;&nbsp;&nbsp;&nbsp;&nbsp;&nbsp;&nbsp;&nbsp;&nbsp;&nbsp;&nbsp;&nbsp;&nbsp;&nbsp;&nbsp;&nbsp;&nbsp;&nbsp;&nbsp;&nbsp;&nbsp;&nbsp;&nbsp;&nbsp;&nbsp;&nbsp;&nbsp;&nbsp;&nbsp;&nbsp;&nbsp;&nbsp;&nbsp;&nbsp;&nbsp;&nbsp;&nbsp;&nbsp;&nbsp;&nbsp;&nbsp;&nbsp;&nbsp;&nbsp;&nbsp;&nbsp;&nbsp;&nbsp;&nbsp;&nbsp;&nbsp;&nbsp;&nbsp;&nbsp;&nbsp;&nbsp;&nbsp;&nbsp;&nbsp;&nbsp;&nbsp;&nbsp;&nbsp;&nbsp;&nbsp;&nbsp;&nbsp;&nbsp;&nbsp;&nbsp;&nbsp;&nbsp;&nbsp;&nbsp;&nbsp;&nbsp;&nbsp;&nbsp;&nbsp;&nbsp;&nbsp;&nbsp;&nbsp;&nbsp;&nbsp;&nbsp;&nbsp;&nbsp;&nbsp;&nbsp;&nbsp;&nbsp;&nbsp;&nbsp;&nbsp;&nbsp;&nbsp;&nbsp;&nbsp;&nbsp;&nbsp;&nbsp;&nbsp;&nbsp;&nbsp;&nbsp;&nbsp;&nbsp;&nbsp;&nbsp;&nbsp;&nbsp;&nbsp;&nbsp;&nbsp;&nbsp;&nbsp;&nbsp;&nbsp;&nbsp;&nbsp;&nbsp;&nbsp;&nbsp;&nbsp;&nbsp;&nbsp;&nbsp;&nbsp;<\/p>\n","protected":false},"excerpt":{"rendered":"<p class=\"excerpt\">Portoviejo,&nbsp; Ecuador.- La Secretar\u00eda de Derechos Humanos capacit\u00f3 a representantes de Universidades e Institutos de educaci\u00f3n superior y Departamentos de Bienestar Estudiantil de las provincias de Manab\u00ed y Santo Domingo de los Ts\u00e1chilas en prevenci\u00f3n de la violencia contra las mujeres. Esta actividad tuvo como eje principal socializar las competencias de esta cartera de Estado, articular acciones para el fortalecimiento&hellip; <a href=\"https:\/\/www.ministeriodegobierno.gob.ec\/derechoshumanos\/2021\/10\/25\/la-secretaria-de-derechos-humanos-realizo-capacitacion-en-prevencion-de-la-violencia-contra-las-mujeres-en-el-ambito-educativo-a-representantes-de-universidades-e-institutos-de-manabi-y-santo-domingo\/\">Read more &rarr;<\/a><\/p>\n","protected":false},"author":6,"featured_media":10475,"comment_status":"closed","ping_status":"closed","sticky":false,"template":"","format":"standard","meta":{"footnotes":""},"categories":[20,5,6],"tags":[],"class_list":["post-10474","post","type-post","status-publish","format-standard","has-post-thumbnail","hentry","category-boletin-de-prensa","category-noticias","category-noticias-destacadas","xfolkentry"],"_links":{"self":[{"href":"https:\/\/www.ministeriodegobierno.gob.ec\/derechoshumanos\/wp-json\/wp\/v2\/posts\/10474","targetHints":{"allow":["GET"]}}],"collection":[{"href":"https:\/\/www.ministeriodegobierno.gob.ec\/derechoshumanos\/wp-json\/wp\/v2\/posts"}],"about":[{"href":"https:\/\/www.ministeriodegobierno.gob.ec\/derechoshumanos\/wp-json\/wp\/v2\/types\/post"}],"author":[{"embeddable":true,"href":"https:\/\/www.ministeriodegobierno.gob.ec\/derechoshumanos\/wp-json\/wp\/v2\/users\/6"}],"replies":[{"embeddable":true,"href":"https:\/\/www.ministeriodegobierno.gob.ec\/derechoshumanos\/wp-json\/wp\/v2\/comments?post=10474"}],"version-history":[{"count":1,"href":"https:\/\/www.ministeriodegobierno.gob.ec\/derechoshumanos\/wp-json\/wp\/v2\/posts\/10474\/revisions"}],"predecessor-version":[{"id":10476,"href":"https:\/\/www.ministeriodegobierno.gob.ec\/derechoshumanos\/wp-json\/wp\/v2\/posts\/10474\/revisions\/10476"}],"wp:featuredmedia":[{"embeddable":true,"href":"https:\/\/www.ministeriodegobierno.gob.ec\/derechoshumanos\/wp-json\/wp\/v2\/media\/10475"}],"wp:attachment":[{"href":"https:\/\/www.ministeriodegobierno.gob.ec\/derechoshumanos\/wp-json\/wp\/v2\/media?parent=10474"}],"wp:term":[{"taxonomy":"category","embeddable":true,"href":"https:\/\/www.ministeriodegobierno.gob.ec\/derechoshumanos\/wp-json\/wp\/v2\/categories?post=10474"},{"taxonomy":"post_tag","embeddable":true,"href":"https:\/\/www.ministeriodegobierno.gob.ec\/derechoshumanos\/wp-json\/wp\/v2\/tags?post=10474"}],"curies":[{"name":"wp","href":"https:\/\/api.w.org\/{rel}","templated":true}]}}