{"id":10477,"date":"2021-10-18T10:30:00","date_gmt":"2021-10-18T15:30:00","guid":{"rendered":"https:\/\/www.derechoshumanos.gob.ec\/?p=10477"},"modified":"2021-10-25T10:31:19","modified_gmt":"2021-10-25T15:31:19","slug":"la-secretaria-de-derechos-humanos-capacito-a-comisarios-y-tenientes-politicos-de-la-provincia-de-el-oro","status":"publish","type":"post","link":"https:\/\/www.ministeriodegobierno.gob.ec\/derechoshumanos\/2021\/10\/18\/la-secretaria-de-derechos-humanos-capacito-a-comisarios-y-tenientes-politicos-de-la-provincia-de-el-oro\/","title":{"rendered":"LA SECRETAR\u00cdA DE DERECHOS HUMANOS CAPACIT\u00d3  A COMISARIOS Y TENIENTES POL\u00cdTICOS DE LA PROVINCIA DE EL ORO"},"content":{"rendered":"\n<p class=\"wp-block-paragraph\"><\/p>\n\n\n\n<p class=\"wp-block-paragraph\"><strong>El Oro, Ecuador.-<\/strong> La Secretar\u00eda de Derechos Humanos como compromiso interinstitucional con la Gobernaci\u00f3n de El Oro acord\u00f3 desarrollar una capacitaci\u00f3n para Comisarios y Tenientes Pol\u00edticos de la provincia, con la tem\u00e1tica&nbsp;\u201cAplicaci\u00f3n de la Ley Org\u00e1nica para Prevenir y Erradicar la Violencia contra la Mujer, Rutas de Atenci\u00f3n y Denuncia\u201d, con el objetivo de brindar una atenci\u00f3n oportuna, de calidad y calidez a sobrevivientes de violencia.<\/p>\n\n\n\n<p class=\"wp-block-paragraph\">Esta actividad se desarroll\u00f3 de manera presencial, con la presencia de 54 personas, los d\u00edas jueves 14 y viernes 15 de octubre de 2021, a partir de las 09h00 a 12h00, en el Auditorio de la Gobernaci\u00f3n de El Oro.<\/p>\n\n\n\n<p class=\"wp-block-paragraph\">En el taller se dio a conocer a los Comisario y Tenientes Pol\u00edticos, los servicios y competencias de la Secretar\u00eda de Derechos Humanos, se trabaj\u00f3 con todo el personal en sensibilizaci\u00f3n y principios de actuaci\u00f3n en temas de violencia contra las mujeres, el procedimiento para otorgar medidas administrativas inmediatas de protecci\u00f3n a las sobrevivientes de violencia; como tambi\u00e9n rutas de atenci\u00f3n y denuncias.<\/p>\n\n\n\n<p class=\"wp-block-paragraph\">La Coordinadora de la Oficina T\u00e9cnica de la Zona 7, Sophia Cueva Mej\u00eda, indic\u00f3 \u201cestas capacitaciones fortalecen el trabajo articulado e interinstitucional para la atenci\u00f3n especializada y &nbsp;oportuna a las sobrevivientes de violencia\u201d.<\/p>\n","protected":false},"excerpt":{"rendered":"<p class=\"excerpt\">El Oro, Ecuador.- La Secretar\u00eda de Derechos Humanos como compromiso interinstitucional con la Gobernaci\u00f3n de El Oro acord\u00f3 desarrollar una capacitaci\u00f3n para Comisarios y Tenientes Pol\u00edticos de la provincia, con la tem\u00e1tica&nbsp;\u201cAplicaci\u00f3n de la Ley Org\u00e1nica para Prevenir y Erradicar la Violencia contra la Mujer, Rutas de Atenci\u00f3n y Denuncia\u201d, con el objetivo de brindar una atenci\u00f3n oportuna, de calidad&hellip; <a href=\"https:\/\/www.ministeriodegobierno.gob.ec\/derechoshumanos\/2021\/10\/18\/la-secretaria-de-derechos-humanos-capacito-a-comisarios-y-tenientes-politicos-de-la-provincia-de-el-oro\/\">Read more &rarr;<\/a><\/p>\n","protected":false},"author":6,"featured_media":10478,"comment_status":"closed","ping_status":"closed","sticky":false,"template":"","format":"standard","meta":{"footnotes":""},"categories":[20,5,6],"tags":[],"class_list":["post-10477","post","type-post","status-publish","format-standard","has-post-thumbnail","hentry","category-boletin-de-prensa","category-noticias","category-noticias-destacadas","xfolkentry"],"_links":{"self":[{"href":"https:\/\/www.ministeriodegobierno.gob.ec\/derechoshumanos\/wp-json\/wp\/v2\/posts\/10477","targetHints":{"allow":["GET"]}}],"collection":[{"href":"https:\/\/www.ministeriodegobierno.gob.ec\/derechoshumanos\/wp-json\/wp\/v2\/posts"}],"about":[{"href":"https:\/\/www.ministeriodegobierno.gob.ec\/derechoshumanos\/wp-json\/wp\/v2\/types\/post"}],"author":[{"embeddable":true,"href":"https:\/\/www.ministeriodegobierno.gob.ec\/derechoshumanos\/wp-json\/wp\/v2\/users\/6"}],"replies":[{"embeddable":true,"href":"https:\/\/www.ministeriodegobierno.gob.ec\/derechoshumanos\/wp-json\/wp\/v2\/comments?post=10477"}],"version-history":[{"count":1,"href":"https:\/\/www.ministeriodegobierno.gob.ec\/derechoshumanos\/wp-json\/wp\/v2\/posts\/10477\/revisions"}],"predecessor-version":[{"id":10479,"href":"https:\/\/www.ministeriodegobierno.gob.ec\/derechoshumanos\/wp-json\/wp\/v2\/posts\/10477\/revisions\/10479"}],"wp:featuredmedia":[{"embeddable":true,"href":"https:\/\/www.ministeriodegobierno.gob.ec\/derechoshumanos\/wp-json\/wp\/v2\/media\/10478"}],"wp:attachment":[{"href":"https:\/\/www.ministeriodegobierno.gob.ec\/derechoshumanos\/wp-json\/wp\/v2\/media?parent=10477"}],"wp:term":[{"taxonomy":"category","embeddable":true,"href":"https:\/\/www.ministeriodegobierno.gob.ec\/derechoshumanos\/wp-json\/wp\/v2\/categories?post=10477"},{"taxonomy":"post_tag","embeddable":true,"href":"https:\/\/www.ministeriodegobierno.gob.ec\/derechoshumanos\/wp-json\/wp\/v2\/tags?post=10477"}],"curies":[{"name":"wp","href":"https:\/\/api.w.org\/{rel}","templated":true}]}}