{"id":10480,"date":"2021-10-20T11:12:00","date_gmt":"2021-10-20T16:12:00","guid":{"rendered":"https:\/\/www.derechoshumanos.gob.ec\/?p=10480"},"modified":"2021-10-25T11:15:27","modified_gmt":"2021-10-25T16:15:27","slug":"la-secretaria-de-derechos-humanos-realizo-atencion-psicosocial-en-caso-de-femicidio-suscitado-en-el-oro","status":"publish","type":"post","link":"https:\/\/www.ministeriodegobierno.gob.ec\/derechoshumanos\/2021\/10\/20\/la-secretaria-de-derechos-humanos-realizo-atencion-psicosocial-en-caso-de-femicidio-suscitado-en-el-oro\/","title":{"rendered":"LA SECRETAR\u00cdA DE DERECHOS HUMANOS BRIND\u00d3 ATENCI\u00d3N INTEGRAL EN CASO DE FEMICIDIO SUSCITADO EN EL ORO"},"content":{"rendered":"\n<p class=\"wp-block-paragraph\"><\/p>\n\n\n\n<p class=\"wp-block-paragraph\"><strong>Pasaje, Ecuador.-<\/strong> La Secretar\u00eda de Derechos Humanos a trav\u00e9s del Servicio de Protecci\u00f3n Integral Machala, en conjunto con el personal del Centro de Atenci\u00f3n Integral Rosa Vivar Movimiento de Mujeres de El Oro, brind\u00f3 atenci\u00f3n integral a familiares de una v\u00edctima de femicidio, hecho suscitado en la Provincia de El Oro, cant\u00f3n Pasaje, Parroquia El Progreso.<\/p>\n\n\n\n<p class=\"wp-block-paragraph\">El equipo de profesionales brind\u00f3 atenci\u00f3n psicol\u00f3gica y de trabajo social a los familiares de la v\u00edctima, adem\u00e1s articul\u00f3 acciones con la Unidad de Protecci\u00f3n Especial del Ministerio de Inclusi\u00f3n Econ\u00f3mica y Social (MIES), as\u00ed como tambi\u00e9n con la Coordinaci\u00f3n de Oficina T\u00e9cnica Zonal 5 de la Secretar\u00eda de Derechos Humanos a fin de que el equipo del Servicio de Protecci\u00f3n Integral brinde la atenci\u00f3n a otros familiares de la v\u00edctima de femicidio en el cant\u00f3n El Empalme de la Provincia del Guayas.<\/p>\n\n\n\n<p class=\"wp-block-paragraph\">Sophia Cueva Mej\u00eda, coordinadora de Oficina T\u00e9cnica Zonal 7 menciona que \u201cse ha brindado la atenci\u00f3n integral a los familiares de la v\u00edctima de femicidio, y nos encontramos activados con la finalidad de garantizar la estabilidad emocional de todos los miembros de su familia, as\u00ed como tambi\u00e9n la obtenci\u00f3n de su bienestar social de acuerdo al seguimiento y acompa\u00f1amiento con el equipo t\u00e9cnico integral\u201d.<\/p>\n","protected":false},"excerpt":{"rendered":"<p class=\"excerpt\">Pasaje, Ecuador.- La Secretar\u00eda de Derechos Humanos a trav\u00e9s del Servicio de Protecci\u00f3n Integral Machala, en conjunto con el personal del Centro de Atenci\u00f3n Integral Rosa Vivar Movimiento de Mujeres de El Oro, brind\u00f3 atenci\u00f3n integral a familiares de una v\u00edctima de femicidio, hecho suscitado en la Provincia de El Oro, cant\u00f3n Pasaje, Parroquia El Progreso. El equipo de profesionales&hellip; <a href=\"https:\/\/www.ministeriodegobierno.gob.ec\/derechoshumanos\/2021\/10\/20\/la-secretaria-de-derechos-humanos-realizo-atencion-psicosocial-en-caso-de-femicidio-suscitado-en-el-oro\/\">Read more &rarr;<\/a><\/p>\n","protected":false},"author":6,"featured_media":10481,"comment_status":"closed","ping_status":"closed","sticky":false,"template":"","format":"standard","meta":{"footnotes":""},"categories":[20,5,6],"tags":[],"class_list":["post-10480","post","type-post","status-publish","format-standard","has-post-thumbnail","hentry","category-boletin-de-prensa","category-noticias","category-noticias-destacadas","xfolkentry"],"_links":{"self":[{"href":"https:\/\/www.ministeriodegobierno.gob.ec\/derechoshumanos\/wp-json\/wp\/v2\/posts\/10480","targetHints":{"allow":["GET"]}}],"collection":[{"href":"https:\/\/www.ministeriodegobierno.gob.ec\/derechoshumanos\/wp-json\/wp\/v2\/posts"}],"about":[{"href":"https:\/\/www.ministeriodegobierno.gob.ec\/derechoshumanos\/wp-json\/wp\/v2\/types\/post"}],"author":[{"embeddable":true,"href":"https:\/\/www.ministeriodegobierno.gob.ec\/derechoshumanos\/wp-json\/wp\/v2\/users\/6"}],"replies":[{"embeddable":true,"href":"https:\/\/www.ministeriodegobierno.gob.ec\/derechoshumanos\/wp-json\/wp\/v2\/comments?post=10480"}],"version-history":[{"count":2,"href":"https:\/\/www.ministeriodegobierno.gob.ec\/derechoshumanos\/wp-json\/wp\/v2\/posts\/10480\/revisions"}],"predecessor-version":[{"id":10484,"href":"https:\/\/www.ministeriodegobierno.gob.ec\/derechoshumanos\/wp-json\/wp\/v2\/posts\/10480\/revisions\/10484"}],"wp:featuredmedia":[{"embeddable":true,"href":"https:\/\/www.ministeriodegobierno.gob.ec\/derechoshumanos\/wp-json\/wp\/v2\/media\/10481"}],"wp:attachment":[{"href":"https:\/\/www.ministeriodegobierno.gob.ec\/derechoshumanos\/wp-json\/wp\/v2\/media?parent=10480"}],"wp:term":[{"taxonomy":"category","embeddable":true,"href":"https:\/\/www.ministeriodegobierno.gob.ec\/derechoshumanos\/wp-json\/wp\/v2\/categories?post=10480"},{"taxonomy":"post_tag","embeddable":true,"href":"https:\/\/www.ministeriodegobierno.gob.ec\/derechoshumanos\/wp-json\/wp\/v2\/tags?post=10480"}],"curies":[{"name":"wp","href":"https:\/\/api.w.org\/{rel}","templated":true}]}}