{"id":10485,"date":"2021-10-26T11:58:49","date_gmt":"2021-10-26T16:58:49","guid":{"rendered":"https:\/\/www.derechoshumanos.gob.ec\/?p=10485"},"modified":"2021-10-26T12:00:42","modified_gmt":"2021-10-26T17:00:42","slug":"el-directorio-del-organismo-tecnico-del-sistema-nacional-de-rehabilitacion-social-reviso-los-avances-del-censo-penitenciario","status":"publish","type":"post","link":"https:\/\/www.ministeriodegobierno.gob.ec\/derechoshumanos\/2021\/10\/26\/el-directorio-del-organismo-tecnico-del-sistema-nacional-de-rehabilitacion-social-reviso-los-avances-del-censo-penitenciario\/","title":{"rendered":"EL DIRECTORIO DEL ORGANISMO T\u00c9CNICO DEL SISTEMA NACIONAL DE REHABILITACI\u00d3N SOCIAL REVIS\u00d3 LOS AVANCES DEL CENSO PENITENCIARIO"},"content":{"rendered":"\n<p class=\"wp-block-paragraph\"><strong>Quito, Ecuador. \u2013<\/strong> El Directorio del Organismo T\u00e9cnico del Sistema Nacional de Rehabilitaci\u00f3n Social (SNRS), reinstal\u00f3 este 25 de octubre la sesi\u00f3n extraordinaria permanente N.3 ; con el objetivo de avanzar en la hoja de ruta planteada desde inicios del mes. En esta ocasi\u00f3n recibi\u00f3 a la m\u00e1xima autoridad del Instituto Nacional de Estad\u00edsticas y Censos (INEC) Roberto Castillo.<\/p>\n\n\n\n<p class=\"wp-block-paragraph\">La Presidenta del Directorio del Organismo T\u00e9cnico del Sistema Nacional de Rehabilitaci\u00f3n Social, Bernarda Ord\u00f3\u00f1ez Moscoso, se\u00f1al\u00f3 que es necesario contar con un censo de las personas privadas de libertad, por lo que mocion\u00f3 que en la pr\u00f3xima reuni\u00f3n del Directorio se presente los avances para su implementaci\u00f3n, misma que fue aprobada un\u00e1nimemente por los miembros.<\/p>\n\n\n\n<p class=\"wp-block-paragraph\">Adem\u00e1s, desde se realizaron aportes para la <strong>construcci\u00f3n de un muestreo estad\u00edstico para la revisi\u00f3n de expedientes en el marco de las visitas del Mecanismo Nacional para la Prevenci\u00f3n de la Tortura,<\/strong> de la Defensor\u00eda del Pueblo; acciones enmarcadas en las atribuciones del Directorio y en cumplimiento al Auto de verificaci\u00f3n de cumplimiento 14-12-AN-21 de la Corte Constitucional del 29 de septiembre de 2021.<\/p>\n\n\n\n<p class=\"wp-block-paragraph\"><\/p>\n\n\n\n<p class=\"wp-block-paragraph\">Tambi\u00e9n, las autoridades que conforman el Directorio del Organismo T\u00e9cnico presentaron acciones realizadas, estrategias y necesidades para fortalecer el Sistema Nacional de Rehabilitaci\u00f3n Social.<\/p>\n\n\n\n<p class=\"wp-block-paragraph\">Por su parte <strong>ante la solicitud del Directorio del Organismo T\u00e9cnico&nbsp; del SNRS, el Consejo de la Judicatura, present\u00f3 el Plan integral de Fortalecimiento del Servicio Judicial en materia de Garant\u00edas Penitenciarias<\/strong>, con el objetivo de reducir el hacinamiento en los centros de rehabilitaci\u00f3n social.<\/p>\n\n\n\n<p class=\"wp-block-paragraph\">Asimismo, <strong>la Corte Nacional de Justicia aprob\u00f3 el proyecto de resoluci\u00f3n con fuerza de ley que aclara la competencia que las y los jueces tienen para conocer la reparaci\u00f3n integral a favor de las v\u00edctimas, dictadas en una sentencia definitiva; y el precedente jurisprudencial obligatorio<\/strong>, esta decisi\u00f3n coadyuvar\u00e1 a la lucha contra el hacinamiento penitenciario.<\/p>\n\n\n\n<p class=\"wp-block-paragraph\">El Directorio avanza en el desarrollo del Plan de Acci\u00f3n aprobado el pasado 7 de octubre, el cual da prioridad a la actualizaci\u00f3n de la normativa y de la pol\u00edtica p\u00fablica para el fortalecimiento del Sistema Nacional de Rehabilitaci\u00f3n Social.<\/p>\n","protected":false},"excerpt":{"rendered":"<p class=\"excerpt\">Quito, Ecuador. \u2013 El Directorio del Organismo T\u00e9cnico del Sistema Nacional de Rehabilitaci\u00f3n Social (SNRS), reinstal\u00f3 este 25 de octubre la sesi\u00f3n extraordinaria permanente N.3 ; con el objetivo de avanzar en la hoja de ruta planteada desde inicios del mes. En esta ocasi\u00f3n recibi\u00f3 a la m\u00e1xima autoridad del Instituto Nacional de Estad\u00edsticas y Censos (INEC) Roberto Castillo. La&hellip; <a href=\"https:\/\/www.ministeriodegobierno.gob.ec\/derechoshumanos\/2021\/10\/26\/el-directorio-del-organismo-tecnico-del-sistema-nacional-de-rehabilitacion-social-reviso-los-avances-del-censo-penitenciario\/\">Read more &rarr;<\/a><\/p>\n","protected":false},"author":10,"featured_media":10487,"comment_status":"closed","ping_status":"closed","sticky":false,"template":"","format":"standard","meta":{"footnotes":""},"categories":[20,5,6],"tags":[],"class_list":["post-10485","post","type-post","status-publish","format-standard","has-post-thumbnail","hentry","category-boletin-de-prensa","category-noticias","category-noticias-destacadas","xfolkentry"],"_links":{"self":[{"href":"https:\/\/www.ministeriodegobierno.gob.ec\/derechoshumanos\/wp-json\/wp\/v2\/posts\/10485","targetHints":{"allow":["GET"]}}],"collection":[{"href":"https:\/\/www.ministeriodegobierno.gob.ec\/derechoshumanos\/wp-json\/wp\/v2\/posts"}],"about":[{"href":"https:\/\/www.ministeriodegobierno.gob.ec\/derechoshumanos\/wp-json\/wp\/v2\/types\/post"}],"author":[{"embeddable":true,"href":"https:\/\/www.ministeriodegobierno.gob.ec\/derechoshumanos\/wp-json\/wp\/v2\/users\/10"}],"replies":[{"embeddable":true,"href":"https:\/\/www.ministeriodegobierno.gob.ec\/derechoshumanos\/wp-json\/wp\/v2\/comments?post=10485"}],"version-history":[{"count":2,"href":"https:\/\/www.ministeriodegobierno.gob.ec\/derechoshumanos\/wp-json\/wp\/v2\/posts\/10485\/revisions"}],"predecessor-version":[{"id":10488,"href":"https:\/\/www.ministeriodegobierno.gob.ec\/derechoshumanos\/wp-json\/wp\/v2\/posts\/10485\/revisions\/10488"}],"wp:featuredmedia":[{"embeddable":true,"href":"https:\/\/www.ministeriodegobierno.gob.ec\/derechoshumanos\/wp-json\/wp\/v2\/media\/10487"}],"wp:attachment":[{"href":"https:\/\/www.ministeriodegobierno.gob.ec\/derechoshumanos\/wp-json\/wp\/v2\/media?parent=10485"}],"wp:term":[{"taxonomy":"category","embeddable":true,"href":"https:\/\/www.ministeriodegobierno.gob.ec\/derechoshumanos\/wp-json\/wp\/v2\/categories?post=10485"},{"taxonomy":"post_tag","embeddable":true,"href":"https:\/\/www.ministeriodegobierno.gob.ec\/derechoshumanos\/wp-json\/wp\/v2\/tags?post=10485"}],"curies":[{"name":"wp","href":"https:\/\/api.w.org\/{rel}","templated":true}]}}