{"id":10500,"date":"2021-10-27T12:21:35","date_gmt":"2021-10-27T17:21:35","guid":{"rendered":"https:\/\/www.derechoshumanos.gob.ec\/?p=10500"},"modified":"2021-10-27T12:21:54","modified_gmt":"2021-10-27T17:21:54","slug":"secretaria-de-derechos-humanos-realiza-taller-sobre-prevencion-de-la-violencia-contra-las-mujeres-en-la-parroquia-juncal-de-canar","status":"publish","type":"post","link":"https:\/\/www.ministeriodegobierno.gob.ec\/derechoshumanos\/2021\/10\/27\/secretaria-de-derechos-humanos-realiza-taller-sobre-prevencion-de-la-violencia-contra-las-mujeres-en-la-parroquia-juncal-de-canar\/","title":{"rendered":"Secretar\u00eda de Derechos Humanos realiza taller sobre Prevenci\u00f3n de la Violencia contra las Mujeres en la parroquia Juncal de Ca\u00f1ar"},"content":{"rendered":"\n<p class=\"wp-block-paragraph\"><\/p>\n\n\n\n<p class=\"wp-block-paragraph\"><strong>Ca\u00f1ar, Ecuador.-<\/strong> La Secretar\u00eda de Derechos Humanos a trav\u00e9s del Servicio de Protecci\u00f3n integral Azogues, realiz\u00f3 el Taller sobre \u201cViolencia de G\u00e9nero\u201d, dirigido a 35 personas de la parroquia Juncal, perteneciente al cant\u00f3n Ca\u00f1ar.<\/p>\n\n\n\n<p class=\"wp-block-paragraph\">Este proceso de actividades se realiz\u00f3 en coordinaci\u00f3n con la Tenencia Pol\u00edtica, &nbsp;mediante la convocatoria a los participantes, con la finalidad de prevenir y erradicar la violencia contra las mujeres, ni\u00f1as, ni\u00f1os, adolescentes y adultos mayores.<\/p>\n\n\n\n<p class=\"wp-block-paragraph\">Pedro Yupangui, Teniente Pol\u00edtico de la parroquia Juncal, se\u00f1al\u00f3 la importancia de la cooperaci\u00f3n interinstitucional, \u201cgracias a que existe la coordinaci\u00f3n interinstitucional, podemos brindar una atenci\u00f3n oportuna, c\u00e1lida y de calidez a nuestras usuarias\u201d.<\/p>\n\n\n\n<p class=\"wp-block-paragraph\">En este taller la psic\u00f3loga del Servicio de Protecci\u00f3n Integral, Luz Zaruma, ratific\u00f3 el compromiso para seguir trabajando de forma articulada y en territorio con todos los casos que sean ingresados a la Instituci\u00f3n, brindando atenci\u00f3n y acompa\u00f1amiento psicol\u00f3gico a las sobrevivientes de violencia; adem\u00e1s se brind\u00f3 informaci\u00f3n espec\u00edfica sobre la violencia, c\u00f3mo detectarla y a qu\u00e9 instancias acudir para la atenci\u00f3n y denuncia.<\/p>\n\n\n\n<p class=\"wp-block-paragraph\">Esperanza Neira, Directora Zonal 6, se\u00f1al\u00f3 que \u00abla Secretar\u00eda de Derechos Humanos ratifica su compromiso de trabajo en la parroquia Juncal, &nbsp;desarrollando estrategias con actores locales para prevenir y erradicar toda forma de violencia de contra las mujeres y alcanzar que los derechos reconocidos en nuestra Constituci\u00f3n se conviertan en una realidad para todos\u00bb.<\/p>\n","protected":false},"excerpt":{"rendered":"<p class=\"excerpt\">Ca\u00f1ar, Ecuador.- La Secretar\u00eda de Derechos Humanos a trav\u00e9s del Servicio de Protecci\u00f3n integral Azogues, realiz\u00f3 el Taller sobre \u201cViolencia de G\u00e9nero\u201d, dirigido a 35 personas de la parroquia Juncal, perteneciente al cant\u00f3n Ca\u00f1ar. Este proceso de actividades se realiz\u00f3 en coordinaci\u00f3n con la Tenencia Pol\u00edtica, &nbsp;mediante la convocatoria a los participantes, con la finalidad de prevenir y erradicar la&hellip; <a href=\"https:\/\/www.ministeriodegobierno.gob.ec\/derechoshumanos\/2021\/10\/27\/secretaria-de-derechos-humanos-realiza-taller-sobre-prevencion-de-la-violencia-contra-las-mujeres-en-la-parroquia-juncal-de-canar\/\">Read more &rarr;<\/a><\/p>\n","protected":false},"author":6,"featured_media":10501,"comment_status":"closed","ping_status":"closed","sticky":false,"template":"","format":"standard","meta":{"footnotes":""},"categories":[20,5,6],"tags":[],"class_list":["post-10500","post","type-post","status-publish","format-standard","has-post-thumbnail","hentry","category-boletin-de-prensa","category-noticias","category-noticias-destacadas","xfolkentry"],"_links":{"self":[{"href":"https:\/\/www.ministeriodegobierno.gob.ec\/derechoshumanos\/wp-json\/wp\/v2\/posts\/10500","targetHints":{"allow":["GET"]}}],"collection":[{"href":"https:\/\/www.ministeriodegobierno.gob.ec\/derechoshumanos\/wp-json\/wp\/v2\/posts"}],"about":[{"href":"https:\/\/www.ministeriodegobierno.gob.ec\/derechoshumanos\/wp-json\/wp\/v2\/types\/post"}],"author":[{"embeddable":true,"href":"https:\/\/www.ministeriodegobierno.gob.ec\/derechoshumanos\/wp-json\/wp\/v2\/users\/6"}],"replies":[{"embeddable":true,"href":"https:\/\/www.ministeriodegobierno.gob.ec\/derechoshumanos\/wp-json\/wp\/v2\/comments?post=10500"}],"version-history":[{"count":1,"href":"https:\/\/www.ministeriodegobierno.gob.ec\/derechoshumanos\/wp-json\/wp\/v2\/posts\/10500\/revisions"}],"predecessor-version":[{"id":10502,"href":"https:\/\/www.ministeriodegobierno.gob.ec\/derechoshumanos\/wp-json\/wp\/v2\/posts\/10500\/revisions\/10502"}],"wp:featuredmedia":[{"embeddable":true,"href":"https:\/\/www.ministeriodegobierno.gob.ec\/derechoshumanos\/wp-json\/wp\/v2\/media\/10501"}],"wp:attachment":[{"href":"https:\/\/www.ministeriodegobierno.gob.ec\/derechoshumanos\/wp-json\/wp\/v2\/media?parent=10500"}],"wp:term":[{"taxonomy":"category","embeddable":true,"href":"https:\/\/www.ministeriodegobierno.gob.ec\/derechoshumanos\/wp-json\/wp\/v2\/categories?post=10500"},{"taxonomy":"post_tag","embeddable":true,"href":"https:\/\/www.ministeriodegobierno.gob.ec\/derechoshumanos\/wp-json\/wp\/v2\/tags?post=10500"}],"curies":[{"name":"wp","href":"https:\/\/api.w.org\/{rel}","templated":true}]}}