{"id":10505,"date":"2021-10-13T05:29:00","date_gmt":"2021-10-13T10:29:00","guid":{"rendered":"https:\/\/www.derechoshumanos.gob.ec\/?p=10505"},"modified":"2021-10-27T15:30:24","modified_gmt":"2021-10-27T20:30:24","slug":"secretaria-de-derechos-humanos-participa-en-mesa-de-dialogo-para-prevenir-la-violencia-contra-las-mujeres-en-sucumbios","status":"publish","type":"post","link":"https:\/\/www.ministeriodegobierno.gob.ec\/derechoshumanos\/2021\/10\/13\/secretaria-de-derechos-humanos-participa-en-mesa-de-dialogo-para-prevenir-la-violencia-contra-las-mujeres-en-sucumbios\/","title":{"rendered":"SECRETAR\u00cdA DE DERECHOS HUMANOS PARTICIPA EN MESA DE DI\u00c1LOGO PARA PREVENIR LA VIOLENCIA CONTRA LAS MUJERES EN SUCUMB\u00cdOS"},"content":{"rendered":"\n<p class=\"wp-block-paragraph\"><\/p>\n\n\n\n<p class=\"wp-block-paragraph\"><strong>Lago Agrio, Ecuador.- <\/strong>La Secretar\u00eda de Derechos Humanos a trav\u00e9s del Servicio de Protecci\u00f3n Integral particip\u00f3 en una Mesa de Di\u00e1logo con representantes de organizaciones de mujeres de la provincia de Sucumb\u00edos, con el fin de proponer acciones e intercambiar criterios que fortalezcan la lucha contra la violencia de g\u00e9nero.<\/p>\n\n\n\n<p class=\"wp-block-paragraph\">En esta actividad organizada por el Consejo de la Judicatura, por la conmemoraci\u00f3n de los &nbsp;27 a\u00f1os de creaci\u00f3n de la Corte Provincial de Justicia, se presentaron las inquietudes de las mujeres, respecto a las medidas de protecci\u00f3n para sobrevivientes &nbsp;de violencia,&nbsp; el uso de la herramienta virtual FemicidiosEc y las acciones desarrolladas en el cuarto al fortalecimiento de los mecanismos de investigaci\u00f3n y sanci\u00f3n en casos de violencia sexual contra ni\u00f1as, ni\u00f1os, adolescentes y mujeres.<\/p>\n\n\n\n<p class=\"wp-block-paragraph\">Al respecto, Carlos Espinoza, Director Zonal 1, resalt\u00f3 que esta cartera de Estado es el ente rector de la pol\u00edtica p\u00fablica de derechos humanos y para la prevenci\u00f3n y erradicaci\u00f3n de violencia contra las mujeres en el pa\u00eds y mencion\u00f3: \u201cel trabajo que realiza la Secretar\u00eda de Derechos Humanos como ente coordinador de todas las instituciones que conforman el Sistema de Protecci\u00f3n de Derechos es fundamental para fortalecer la prevenci\u00f3n y erradicaci\u00f3n de la violencia de g\u00e9nero\u201d.<\/p>\n\n\n\n<p class=\"wp-block-paragraph\">Adem\u00e1s, la Secretar\u00eda de Derechos Humanos, expuso las necesidades en cuanto al acceso a los servicios de justicia en casos relacionados a violencia de g\u00e9nero y la Presidenta del Consejo de la Judicatura, Mar\u00eda del Carmen Maldonado, escuch\u00f3 las observaciones e inform\u00f3 que se profundizar\u00e1 la capacitaci\u00f3n a los operadores de justicia en materia de violencia de g\u00e9nero y que se mejorar\u00e1 la coordinaci\u00f3n con las Juntas Cantonales de Protecci\u00f3n de Derechos.<\/p>\n","protected":false},"excerpt":{"rendered":"<p class=\"excerpt\">Lago Agrio, Ecuador.- La Secretar\u00eda de Derechos Humanos a trav\u00e9s del Servicio de Protecci\u00f3n Integral particip\u00f3 en una Mesa de Di\u00e1logo con representantes de organizaciones de mujeres de la provincia de Sucumb\u00edos, con el fin de proponer acciones e intercambiar criterios que fortalezcan la lucha contra la violencia de g\u00e9nero. En esta actividad organizada por el Consejo de la Judicatura,&hellip; <a href=\"https:\/\/www.ministeriodegobierno.gob.ec\/derechoshumanos\/2021\/10\/13\/secretaria-de-derechos-humanos-participa-en-mesa-de-dialogo-para-prevenir-la-violencia-contra-las-mujeres-en-sucumbios\/\">Read more &rarr;<\/a><\/p>\n","protected":false},"author":6,"featured_media":10506,"comment_status":"closed","ping_status":"closed","sticky":false,"template":"","format":"standard","meta":{"footnotes":""},"categories":[20,5,6],"tags":[],"class_list":["post-10505","post","type-post","status-publish","format-standard","has-post-thumbnail","hentry","category-boletin-de-prensa","category-noticias","category-noticias-destacadas","xfolkentry"],"_links":{"self":[{"href":"https:\/\/www.ministeriodegobierno.gob.ec\/derechoshumanos\/wp-json\/wp\/v2\/posts\/10505","targetHints":{"allow":["GET"]}}],"collection":[{"href":"https:\/\/www.ministeriodegobierno.gob.ec\/derechoshumanos\/wp-json\/wp\/v2\/posts"}],"about":[{"href":"https:\/\/www.ministeriodegobierno.gob.ec\/derechoshumanos\/wp-json\/wp\/v2\/types\/post"}],"author":[{"embeddable":true,"href":"https:\/\/www.ministeriodegobierno.gob.ec\/derechoshumanos\/wp-json\/wp\/v2\/users\/6"}],"replies":[{"embeddable":true,"href":"https:\/\/www.ministeriodegobierno.gob.ec\/derechoshumanos\/wp-json\/wp\/v2\/comments?post=10505"}],"version-history":[{"count":1,"href":"https:\/\/www.ministeriodegobierno.gob.ec\/derechoshumanos\/wp-json\/wp\/v2\/posts\/10505\/revisions"}],"predecessor-version":[{"id":10507,"href":"https:\/\/www.ministeriodegobierno.gob.ec\/derechoshumanos\/wp-json\/wp\/v2\/posts\/10505\/revisions\/10507"}],"wp:featuredmedia":[{"embeddable":true,"href":"https:\/\/www.ministeriodegobierno.gob.ec\/derechoshumanos\/wp-json\/wp\/v2\/media\/10506"}],"wp:attachment":[{"href":"https:\/\/www.ministeriodegobierno.gob.ec\/derechoshumanos\/wp-json\/wp\/v2\/media?parent=10505"}],"wp:term":[{"taxonomy":"category","embeddable":true,"href":"https:\/\/www.ministeriodegobierno.gob.ec\/derechoshumanos\/wp-json\/wp\/v2\/categories?post=10505"},{"taxonomy":"post_tag","embeddable":true,"href":"https:\/\/www.ministeriodegobierno.gob.ec\/derechoshumanos\/wp-json\/wp\/v2\/tags?post=10505"}],"curies":[{"name":"wp","href":"https:\/\/api.w.org\/{rel}","templated":true}]}}