{"id":10508,"date":"2021-10-28T12:34:06","date_gmt":"2021-10-28T17:34:06","guid":{"rendered":"https:\/\/www.derechoshumanos.gob.ec\/?p=10508"},"modified":"2021-10-28T12:40:54","modified_gmt":"2021-10-28T17:40:54","slug":"la-eliminacion-de-todas-las-formas-de-discriminacion-contra-la-mujer-es-una-prioridad-para-el-estado","status":"publish","type":"post","link":"https:\/\/www.ministeriodegobierno.gob.ec\/derechoshumanos\/2021\/10\/28\/la-eliminacion-de-todas-las-formas-de-discriminacion-contra-la-mujer-es-una-prioridad-para-el-estado\/","title":{"rendered":"LA ELIMINACI\u00d3N DE TODAS LAS FORMAS DE DISCRIMINACI\u00d3N CONTRA LA MUJER ES UNA PRIORIDAD PARA EL ESTADO"},"content":{"rendered":"\n<p class=\"wp-block-paragraph\"><\/p>\n\n\n\n<p class=\"wp-block-paragraph\"><strong>Quito, Ecuador. \u2013<\/strong> &nbsp;La Asamblea General de las Naciones Unidas aprob\u00f3 en el a\u00f1o 1979, la \u201cConvenci\u00f3n Sobre la Eliminaci\u00f3n de Todas las Formas de Discriminaci\u00f3n Contra la Mujer\u201d (CEDAW). En Ecuador, la CEDAW como instrumento jur\u00eddico para la promoci\u00f3n y defensa de los derechos de las mujeres, fue ratificada el 09 de noviembre de 1981.<\/p>\n\n\n\n<p class=\"wp-block-paragraph\">La Secretaria de Derechos Humanos, Bernarda Ord\u00f3\u00f1ez Moscoso como Jefa de la Misi\u00f3n del Ecuador ante el Comit\u00e9 de Expertas de la CEDAW, realiz\u00f3 la presentaci\u00f3n del D\u00e9cimo Informe 2016-2021, sobre el trabajo realizado en el pa\u00eds en garant\u00eda de los derechos de ni\u00f1as y mujeres; la primera parte del di\u00e1logo constructivo se desarroll\u00f3 este 28 de octubre desde las 08h00 hora Ecuador \u2013 15h00 hora Ginebra.<\/p>\n\n\n\n<p class=\"wp-block-paragraph\">En su informe, la Secretaria salud\u00f3 al Comit\u00e9 a nombre del Presidente, Guillermo Lasso Mendoza, e inform\u00f3 que, desde el 24 de mayo, el Ecuador mira a las ni\u00f1as y mujeres como la m\u00e1s alta prioridad del Estado; por ello ha planificado un presupuesto de 24 millones de d\u00f3lares para el per\u00edodo 2022-2025, asignados para la prevenci\u00f3n de la violencia hacia las mujeres; lo que representa un significativo incremento presupuestario para superar la violencia basada en g\u00e9nero.<\/p>\n\n\n\n<p class=\"wp-block-paragraph\">El Gobierno Nacional crear\u00e1 los Centros Violetas que son espacios de atenci\u00f3n integral que brindar\u00e1n servicios especializados a ni\u00f1as, ni\u00f1os, adolescentes y mujeres para atender las situaciones urgentes. Este servicio ser\u00e1 priorizado en la Amazon\u00eda, sector que ha carecido durante a\u00f1os de servicios por parte del Estado. Se\u00f1al\u00f3 que, para el mes de noviembre 2021, se suscribir\u00e1n acuerdos para la implementaci\u00f3n de los dos primeros centros en las ciudades de Guayaquil y Machala, este \u00faltimo especializado en problem\u00e1ticas de trata y tr\u00e1fico.<\/p>\n\n\n\n<p class=\"wp-block-paragraph\">Adem\u00e1s, la Secretaria inform\u00f3 que en el 2021, Ecuador se uni\u00f3 a los 62 pa\u00edses en el mundo en construir la primera pol\u00edtica p\u00fablica con leyes de protecci\u00f3n contra la discriminaci\u00f3n por motivos de orientaci\u00f3n sexual, con la creaci\u00f3n de la Subsecretar\u00eda de Diversidades. Sobre el fortalecimiento econ\u00f3mico de las mujeres, indic\u00f3 que con el soporte del Banco Interamericano de Desarrollo se est\u00e1 trabajando en el Plan de Acci\u00f3n para Cerrar Brechas Econ\u00f3micas de G\u00e9nero con un financiamiento de 400.000 d\u00f3lares americanos, as\u00ed mismo, se ha desarrollado el Programa Econom\u00eda Violeta, como pol\u00edtica p\u00fablica del Gobierno Nacional.<\/p>\n\n\n\n<p class=\"wp-block-paragraph\">Habl\u00f3 sobre la activaci\u00f3n del Sistema Nacional Integral para la Prevenci\u00f3n y Erradicaci\u00f3n de la Violencia contra las Mujeres, liderado por el Presidente de la Rep\u00fablica y m\u00e1ximas autoridades del Estado, siendo la primera vez desde que se cre\u00f3 la Ley; donde se suscribi\u00f3 el Acta de Compromiso Interinstitucional para la construcci\u00f3n, implementaci\u00f3n y financiamiento del prototipo del Registro \u00danico de Violencia contra las Mujeres.<\/p>\n\n\n\n<p class=\"wp-block-paragraph\">A la par el Estado se encuentra trabajando en la construcci\u00f3n de la Estrategia Nacional para la Prevenci\u00f3n y Erradicaci\u00f3n de la Violencia Sexual en el \u00c1mbito Educativo 2021-2025, en el marco de las medidas de reparaci\u00f3n impuestas por la Corte Interamericana de Desarrollo, y en memoria de Paola Guzm\u00e1n Albarrac\u00edn.<\/p>\n\n\n\n<p class=\"wp-block-paragraph\">Sobre el trabajo intersectorial inform\u00f3 que los 16 Ministerios del Ejecutivo est\u00e1n trabajando en proyectos espec\u00edficos para la prevenci\u00f3n de la violencia hacia las ni\u00f1as y las mujeres; y para contribuir al desarrollo social y la reducci\u00f3n de brechas que enfrentan las mujeres. En ese sentido, se\u00f1al\u00f3 que en el contexto de la pandemia por el COVID-19, el Gobierno Nacional gener\u00f3 un trabajo incansable para promover el acceso universal a vacunas, sin discriminaci\u00f3n alguna, alcanzando en 5 meses, m\u00e1s de 10 millones de personas vacunadas.<\/p>\n\n\n\n<p class=\"wp-block-paragraph\">En otros aspectos, detallo que el Ecuador ha asumido la corresponsabilidad del frente al cuidado de infancia, a trav\u00e9s de la pol\u00edtica \u00abPlan Ecuador crece sin desnutrici\u00f3n cr\u00f3nica infantil\u00bb; y en lo que respecta a la garant\u00eda de los derechos de los pueblos y nacionalidades ind\u00edgenas, el Gobierno ha creado la Secretar\u00eda de Gesti\u00f3n y Desarrollo de Pueblos y Nacionalidades, con el proyecto \u201cFortalecimiento Econ\u00f3mico Territorial de Pueblos Ind\u00edgenas, Afro ecuatorianos y Montubios\u201d con un presupuesto de 40 millones de d\u00f3lares que busca dinamizar las econom\u00edas comunitarias, gobernanza, y accesibilidad de los Pueblos y Nacionalidades Ind\u00edgenas, Afroecuatorianos y Montubios.<\/p>\n\n\n\n<p class=\"wp-block-paragraph\">Finalmente, la Ministra destac\u00f3 la importancia de la asistencia internacional para el pa\u00eds, particularmente a trav\u00e9s de la iniciativa mundial Spotligh, que contribuye a la implementaci\u00f3n efectiva de la Ley Org\u00e1nica Integral para Prevenir y Erradicar la Violencia contra las Mujeres. \u201cLa causa de las mujeres es una causa de humanidad e invertir en las mujeres es invertir en la sociedad\u201d detall\u00f3.<\/p>\n\n\n\n<p class=\"wp-block-paragraph\">El Comit\u00e9 estuvo liderado por la Presidenta del Comit\u00e9 de CEDAW, Gladys Acosta, y cont\u00f3 con la participaci\u00f3n de la Relatora para Ecuador, Leticia Bonifaz y m\u00e1s miembros del Comit\u00e9 de CEDAW, as\u00ed como, miembros de la Delegaci\u00f3n de Ecuador.<\/p>\n","protected":false},"excerpt":{"rendered":"<p class=\"excerpt\">Quito, Ecuador. \u2013 &nbsp;La Asamblea General de las Naciones Unidas aprob\u00f3 en el a\u00f1o 1979, la \u201cConvenci\u00f3n Sobre la Eliminaci\u00f3n de Todas las Formas de Discriminaci\u00f3n Contra la Mujer\u201d (CEDAW). En Ecuador, la CEDAW como instrumento jur\u00eddico para la promoci\u00f3n y defensa de los derechos de las mujeres, fue ratificada el 09 de noviembre de 1981. La Secretaria de Derechos&hellip; <a href=\"https:\/\/www.ministeriodegobierno.gob.ec\/derechoshumanos\/2021\/10\/28\/la-eliminacion-de-todas-las-formas-de-discriminacion-contra-la-mujer-es-una-prioridad-para-el-estado\/\">Read more &rarr;<\/a><\/p>\n","protected":false},"author":6,"featured_media":10509,"comment_status":"closed","ping_status":"closed","sticky":false,"template":"","format":"standard","meta":{"footnotes":""},"categories":[20,5,6],"tags":[],"class_list":["post-10508","post","type-post","status-publish","format-standard","has-post-thumbnail","hentry","category-boletin-de-prensa","category-noticias","category-noticias-destacadas","xfolkentry"],"_links":{"self":[{"href":"https:\/\/www.ministeriodegobierno.gob.ec\/derechoshumanos\/wp-json\/wp\/v2\/posts\/10508","targetHints":{"allow":["GET"]}}],"collection":[{"href":"https:\/\/www.ministeriodegobierno.gob.ec\/derechoshumanos\/wp-json\/wp\/v2\/posts"}],"about":[{"href":"https:\/\/www.ministeriodegobierno.gob.ec\/derechoshumanos\/wp-json\/wp\/v2\/types\/post"}],"author":[{"embeddable":true,"href":"https:\/\/www.ministeriodegobierno.gob.ec\/derechoshumanos\/wp-json\/wp\/v2\/users\/6"}],"replies":[{"embeddable":true,"href":"https:\/\/www.ministeriodegobierno.gob.ec\/derechoshumanos\/wp-json\/wp\/v2\/comments?post=10508"}],"version-history":[{"count":2,"href":"https:\/\/www.ministeriodegobierno.gob.ec\/derechoshumanos\/wp-json\/wp\/v2\/posts\/10508\/revisions"}],"predecessor-version":[{"id":10511,"href":"https:\/\/www.ministeriodegobierno.gob.ec\/derechoshumanos\/wp-json\/wp\/v2\/posts\/10508\/revisions\/10511"}],"wp:featuredmedia":[{"embeddable":true,"href":"https:\/\/www.ministeriodegobierno.gob.ec\/derechoshumanos\/wp-json\/wp\/v2\/media\/10509"}],"wp:attachment":[{"href":"https:\/\/www.ministeriodegobierno.gob.ec\/derechoshumanos\/wp-json\/wp\/v2\/media?parent=10508"}],"wp:term":[{"taxonomy":"category","embeddable":true,"href":"https:\/\/www.ministeriodegobierno.gob.ec\/derechoshumanos\/wp-json\/wp\/v2\/categories?post=10508"},{"taxonomy":"post_tag","embeddable":true,"href":"https:\/\/www.ministeriodegobierno.gob.ec\/derechoshumanos\/wp-json\/wp\/v2\/tags?post=10508"}],"curies":[{"name":"wp","href":"https:\/\/api.w.org\/{rel}","templated":true}]}}