{"id":10515,"date":"2021-10-29T12:54:00","date_gmt":"2021-10-29T17:54:00","guid":{"rendered":"https:\/\/www.derechoshumanos.gob.ec\/?p=10515"},"modified":"2021-10-29T12:54:01","modified_gmt":"2021-10-29T17:54:01","slug":"el-estado-promueve-espacios-para-erradicar-la-violencia-politica-en-contra-de-la-mujer-rural","status":"publish","type":"post","link":"https:\/\/www.ministeriodegobierno.gob.ec\/derechoshumanos\/2021\/10\/29\/el-estado-promueve-espacios-para-erradicar-la-violencia-politica-en-contra-de-la-mujer-rural\/","title":{"rendered":"EL ESTADO PROMUEVE ESPACIOS PARA ERRADICAR LA VIOLENCIA POL\u00cdTICA EN CONTRA DE LA MUJER RURAL"},"content":{"rendered":"\n<p class=\"wp-block-paragraph\"><\/p>\n\n\n\n<p class=\"wp-block-paragraph\"><strong>Quito, Ecuador. \u2013<\/strong> En el marco del D\u00eda Internacional de las Mujeres Rurales, la Secretar\u00eda de Derechos Humanos junto al Consejo Nacional de Gobiernos Parroquiales Rurales del Ecuador (CONAGOPARE) Pichincha, la Fundaci\u00f3n Haciendo Ecuador, y el Observatorio Nacional de la Participaci\u00f3n Pol\u00edtica de la Mujer desarrollaron el taller de fortalecimiento de capacidades denominado \u201cPrevenir, Erradicar y Atender la Violencia Pol\u00edtica en Contra de la Mujer en la Ruralidad\u201d.<\/p>\n\n\n\n<p class=\"wp-block-paragraph\">La Secretaria de Derechos Humanos, Bernarda Ord\u00f3\u00f1ez Moscoso, agradeci\u00f3 la acci\u00f3n coordinada entre las instituciones que promueven esta capacitaci\u00f3n, ya que es fundamental en la lucha contra la desigualdad social y de g\u00e9nero \u201cel Estado y la Sociedad Civil deben ofrecer insumos respecto a las acciones por la defensa y ejercicio del derecho a la participaci\u00f3n pol\u00edtica de las mujeres rurales\u201d, resalt\u00f3.<\/p>\n\n\n\n<p class=\"wp-block-paragraph\">Estos talleres se desarrollaron con el objetivo de trabajar en procesos de sensibilizaci\u00f3n enfocados en promover la participaci\u00f3n pol\u00edtica de las mujeres rurales, y generar una ruta para prevenir la violencia pol\u00edtica; mismos que se efectuaron los d\u00edas 15, 22 y 29 de octubre del 2021, en la ciudad de Quito con enlace virtual; dirigidos a lideresas pol\u00edticas de la ruralidad y funcionarios de los Gobiernos Aut\u00f3nomos Descentralizados del Ecuador.<\/p>\n\n\n\n<p class=\"wp-block-paragraph\">Samia M\u00e1rmol, Subsecretaria de Nacionalidades, Pueblos y Movimientos Sociales, indic\u00f3 que espera que con estas iniciativas se fortalezcan las capacidades de las mujeres que aspiran a participar en la pol\u00edtica y estar en espacios de decisi\u00f3n.<\/p>\n\n\n\n<p class=\"wp-block-paragraph\">Por su parte Lorena Brito, Presidenta del Consejo Nacional de Gobiernos Parroquiales Rurales del Ecuador, mencion\u00f3 que en el Ecuador y en diferentes pa\u00edses de Latinoam\u00e9rica todav\u00eda existe un retroceso de la mujer en el \u00e1mbito&nbsp; pol\u00edtico, pues en las elecciones vemos como la diferencia de 70% de hombres y 30% de mujeres que aspiran a un cargo de dignidad popular.<\/p>\n\n\n\n<p class=\"wp-block-paragraph\">Es por eso, que estos talleres promueven la igualdad de g\u00e9nero y empoderar a las mujeres rurales particularmente en el \u00e1mbito pol\u00edtico; durante el taller se trataron las siguientes tem\u00e1ticas: La Violencia pol\u00edtica en contra de la mujer rural; Paridad y violencia; Retos de la mujer rural; Estrategias para enfrentar la violencia en contra de la mujer en el \u00e1mbito pol\u00edtico y en redes sociales; Historias de vida de lideresas rurales; Aprendizaje de las mujeres rurales; Generaci\u00f3n de propuestas para erradicar la violencia pol\u00edtica; Construcci\u00f3n de protocolos de atenci\u00f3n a la violencia pol\u00edtica.<\/p>\n\n\n\n<p class=\"wp-block-paragraph\">Adem\u00e1s, se firm\u00f3 un Convenio Espec\u00edfico de Cooperaci\u00f3n Interinstitucional entre la Secretar\u00eda de Derechos Humanos y la Fundaci\u00f3n Haciendo Ecuador que tiene por objeto determinar los t\u00e9rminos de cooperaci\u00f3n y los compromisos rec\u00edprocos para prevenir y erradicar la violencia basada en g\u00e9nero, particularmente la violencia pol\u00edtica contra las mujeres, as\u00ed como poblaci\u00f3n LGBTIQ+ a trav\u00e9s de acciones de sensibilizaci\u00f3n y capacitaci\u00f3n.<\/p>\n\n\n\n<p class=\"wp-block-paragraph\">El Estado ha desarrollado instrumentos legales para enfrentar la problem\u00e1tica, el C\u00f3digo Org\u00e1nico Integral Penal (COIP) ha tipificado como delitos, la violencia contra la mujer o miembros del n\u00facleo familiar incluyendo la violencia f\u00edsica, psicol\u00f3gica y sexual; as\u00ed mismo, la Ley Org\u00e1nica Integral para Prevenir y Erradicar la Violencia contra las Mujeres (LOIPEVCM), aprobada en 2018 ampli\u00f3 el \u00e1mbito de protecci\u00f3n, reconociendo que existen diversos tipos de violencia a m\u00e1s de la f\u00edsica, psicol\u00f3gica y sexual, reconoce la existencia de la violencia econ\u00f3mica y patrimonial; simb\u00f3lica; pol\u00edtica; y gineco-obst\u00e9trica.<\/p>\n","protected":false},"excerpt":{"rendered":"<p class=\"excerpt\">Quito, Ecuador. \u2013 En el marco del D\u00eda Internacional de las Mujeres Rurales, la Secretar\u00eda de Derechos Humanos junto al Consejo Nacional de Gobiernos Parroquiales Rurales del Ecuador (CONAGOPARE) Pichincha, la Fundaci\u00f3n Haciendo Ecuador, y el Observatorio Nacional de la Participaci\u00f3n Pol\u00edtica de la Mujer desarrollaron el taller de fortalecimiento de capacidades denominado \u201cPrevenir, Erradicar y Atender la Violencia Pol\u00edtica&hellip; <a href=\"https:\/\/www.ministeriodegobierno.gob.ec\/derechoshumanos\/2021\/10\/29\/el-estado-promueve-espacios-para-erradicar-la-violencia-politica-en-contra-de-la-mujer-rural\/\">Read more &rarr;<\/a><\/p>\n","protected":false},"author":6,"featured_media":10517,"comment_status":"closed","ping_status":"closed","sticky":false,"template":"","format":"standard","meta":{"footnotes":""},"categories":[20,5,6],"tags":[],"class_list":["post-10515","post","type-post","status-publish","format-standard","has-post-thumbnail","hentry","category-boletin-de-prensa","category-noticias","category-noticias-destacadas","xfolkentry"],"_links":{"self":[{"href":"https:\/\/www.ministeriodegobierno.gob.ec\/derechoshumanos\/wp-json\/wp\/v2\/posts\/10515","targetHints":{"allow":["GET"]}}],"collection":[{"href":"https:\/\/www.ministeriodegobierno.gob.ec\/derechoshumanos\/wp-json\/wp\/v2\/posts"}],"about":[{"href":"https:\/\/www.ministeriodegobierno.gob.ec\/derechoshumanos\/wp-json\/wp\/v2\/types\/post"}],"author":[{"embeddable":true,"href":"https:\/\/www.ministeriodegobierno.gob.ec\/derechoshumanos\/wp-json\/wp\/v2\/users\/6"}],"replies":[{"embeddable":true,"href":"https:\/\/www.ministeriodegobierno.gob.ec\/derechoshumanos\/wp-json\/wp\/v2\/comments?post=10515"}],"version-history":[{"count":1,"href":"https:\/\/www.ministeriodegobierno.gob.ec\/derechoshumanos\/wp-json\/wp\/v2\/posts\/10515\/revisions"}],"predecessor-version":[{"id":10518,"href":"https:\/\/www.ministeriodegobierno.gob.ec\/derechoshumanos\/wp-json\/wp\/v2\/posts\/10515\/revisions\/10518"}],"wp:featuredmedia":[{"embeddable":true,"href":"https:\/\/www.ministeriodegobierno.gob.ec\/derechoshumanos\/wp-json\/wp\/v2\/media\/10517"}],"wp:attachment":[{"href":"https:\/\/www.ministeriodegobierno.gob.ec\/derechoshumanos\/wp-json\/wp\/v2\/media?parent=10515"}],"wp:term":[{"taxonomy":"category","embeddable":true,"href":"https:\/\/www.ministeriodegobierno.gob.ec\/derechoshumanos\/wp-json\/wp\/v2\/categories?post=10515"},{"taxonomy":"post_tag","embeddable":true,"href":"https:\/\/www.ministeriodegobierno.gob.ec\/derechoshumanos\/wp-json\/wp\/v2\/tags?post=10515"}],"curies":[{"name":"wp","href":"https:\/\/api.w.org\/{rel}","templated":true}]}}