{"id":10520,"date":"2021-11-02T20:22:26","date_gmt":"2021-11-03T01:22:26","guid":{"rendered":"https:\/\/www.derechoshumanos.gob.ec\/?p=10520"},"modified":"2021-11-02T20:22:27","modified_gmt":"2021-11-03T01:22:27","slug":"en-los-201-anos-de-independencia-de-cuenca-la-secretaria-de-derechos-humanos-ratifica-su-trabajo-en-la-garantia-de-los-derechos-humanos","status":"publish","type":"post","link":"https:\/\/www.ministeriodegobierno.gob.ec\/derechoshumanos\/2021\/11\/02\/en-los-201-anos-de-independencia-de-cuenca-la-secretaria-de-derechos-humanos-ratifica-su-trabajo-en-la-garantia-de-los-derechos-humanos\/","title":{"rendered":"EN LOS 201 A\u00d1OS DE INDEPENDENCIA DE CUENCA LA SECRETAR\u00cdA DE DERECHOS HUMANOS RATIFICA SU TRABAJO EN LA GARANT\u00cdA DE LOS DERECHOS HUMANOS."},"content":{"rendered":"\n<p class=\"wp-block-paragraph\"><\/p>\n\n\n\n<p class=\"wp-block-paragraph\">En el marco de la conmemoraci\u00f3n de los 201 a\u00f1os de Independencia de Santa Ana de los Cuatro R\u00edos de Cuenca, la Secretaria de Derechos Humanos, Bernarda Ord\u00f3\u00f1ez Moscoso, acompa\u00f1ar\u00e1 a las m\u00e1ximas autoridades de la ciudad y el pa\u00eds a la colocaci\u00f3n de ofrendas florales a los pr\u00f3ceres de esta fecha hist\u00f3rica.<\/p>\n\n\n\n<p class=\"wp-block-paragraph\">Actualmente, Azuay est\u00e1 entre las cinco provincias con m\u00e1s alto \u00edndice de violencia de g\u00e9nero a nivel nacional, registrando el 79,20%, es por esto que, para el Gobierno Nacional, por medio de la Secretar\u00eda de Derechos Humanos, la prevenci\u00f3n de la violencia en esta provincia es una prioridad.&nbsp;<\/p>\n\n\n\n<p class=\"wp-block-paragraph\">En este sentido, bajo la consigna \u201cFemicidio Cero\u201d, planteada por el Presidente de la Rep\u00fablica ,Guillermo Lasso Mendoza, se ha planificado un presupuesto de <strong>24 millones de d\u00f3lares para el per\u00edodo 2022-2025<\/strong>, asignados para la prevenci\u00f3n de la violencia hacia las mujeres; lo que representa un significativo incremento presupuestario para el trabajo en la prevenci\u00f3n de la violencia basada en g\u00e9nero, esto contribuir\u00e1 al fortalecimiento y la creaci\u00f3n de varios programas y proyectos, tanto como para la ciudad de Cuenca como para el pa\u00eds.<\/p>\n\n\n\n<p class=\"wp-block-paragraph\">Para este a\u00f1o se ha trabajado en la implementaci\u00f3n de 2 Centros Violetas en El Oro y Guayas, los cuales son espacios especializados de atenci\u00f3n 24\/7 para mujeres, ni\u00f1as, ni\u00f1os y adolescentes, sobrevivientes y v\u00edctimas de cualquier tipo de violencia; el cual involucra la participaci\u00f3n de instituciones p\u00fablicas que, junto al sector privado y la academia, act\u00faen de manera coordinada y complementaria para la atenci\u00f3n, protecci\u00f3n y el ejercicio del derecho a una vida libre de violencia. Se est\u00e1n realizando las gestiones necesarias para la implementaci\u00f3n de un Centro Violeta para la ciudad de Cuenca.<\/p>\n\n\n\n<p class=\"wp-block-paragraph\">Adem\u00e1s, se fortalecer\u00e1n proyectos como la Casa de Acogida Mar\u00eda Amor, que proporciona refugio y atenci\u00f3n a mujeres sobrevivientes de violencia, as\u00ed como a sus hijas e hijos.<\/p>\n\n\n\n<p class=\"wp-block-paragraph\">Desde la Secretar\u00eda de Derechos Humanos ratificamos nuestro compromiso de seguir trabajando por un Ecuador Libre de Violencia y la garant\u00eda de los derechos de las ni\u00f1as, ni\u00f1os&nbsp; adolescentes y mujeres.<\/p>\n","protected":false},"excerpt":{"rendered":"<p class=\"excerpt\">En el marco de la conmemoraci\u00f3n de los 201 a\u00f1os de Independencia de Santa Ana de los Cuatro R\u00edos de Cuenca, la Secretaria de Derechos Humanos, Bernarda Ord\u00f3\u00f1ez Moscoso, acompa\u00f1ar\u00e1 a las m\u00e1ximas autoridades de la ciudad y el pa\u00eds a la colocaci\u00f3n de ofrendas florales a los pr\u00f3ceres de esta fecha hist\u00f3rica. Actualmente, Azuay est\u00e1 entre las cinco provincias&hellip; <a href=\"https:\/\/www.ministeriodegobierno.gob.ec\/derechoshumanos\/2021\/11\/02\/en-los-201-anos-de-independencia-de-cuenca-la-secretaria-de-derechos-humanos-ratifica-su-trabajo-en-la-garantia-de-los-derechos-humanos\/\">Read more &rarr;<\/a><\/p>\n","protected":false},"author":6,"featured_media":9958,"comment_status":"closed","ping_status":"closed","sticky":false,"template":"","format":"standard","meta":{"footnotes":""},"categories":[20,5,6],"tags":[],"class_list":["post-10520","post","type-post","status-publish","format-standard","has-post-thumbnail","hentry","category-boletin-de-prensa","category-noticias","category-noticias-destacadas","xfolkentry"],"_links":{"self":[{"href":"https:\/\/www.ministeriodegobierno.gob.ec\/derechoshumanos\/wp-json\/wp\/v2\/posts\/10520","targetHints":{"allow":["GET"]}}],"collection":[{"href":"https:\/\/www.ministeriodegobierno.gob.ec\/derechoshumanos\/wp-json\/wp\/v2\/posts"}],"about":[{"href":"https:\/\/www.ministeriodegobierno.gob.ec\/derechoshumanos\/wp-json\/wp\/v2\/types\/post"}],"author":[{"embeddable":true,"href":"https:\/\/www.ministeriodegobierno.gob.ec\/derechoshumanos\/wp-json\/wp\/v2\/users\/6"}],"replies":[{"embeddable":true,"href":"https:\/\/www.ministeriodegobierno.gob.ec\/derechoshumanos\/wp-json\/wp\/v2\/comments?post=10520"}],"version-history":[{"count":1,"href":"https:\/\/www.ministeriodegobierno.gob.ec\/derechoshumanos\/wp-json\/wp\/v2\/posts\/10520\/revisions"}],"predecessor-version":[{"id":10521,"href":"https:\/\/www.ministeriodegobierno.gob.ec\/derechoshumanos\/wp-json\/wp\/v2\/posts\/10520\/revisions\/10521"}],"wp:featuredmedia":[{"embeddable":true,"href":"https:\/\/www.ministeriodegobierno.gob.ec\/derechoshumanos\/wp-json\/wp\/v2\/media\/9958"}],"wp:attachment":[{"href":"https:\/\/www.ministeriodegobierno.gob.ec\/derechoshumanos\/wp-json\/wp\/v2\/media?parent=10520"}],"wp:term":[{"taxonomy":"category","embeddable":true,"href":"https:\/\/www.ministeriodegobierno.gob.ec\/derechoshumanos\/wp-json\/wp\/v2\/categories?post=10520"},{"taxonomy":"post_tag","embeddable":true,"href":"https:\/\/www.ministeriodegobierno.gob.ec\/derechoshumanos\/wp-json\/wp\/v2\/tags?post=10520"}],"curies":[{"name":"wp","href":"https:\/\/api.w.org\/{rel}","templated":true}]}}