{"id":10673,"date":"2021-10-30T16:58:13","date_gmt":"2021-10-30T21:58:13","guid":{"rendered":"https:\/\/www.derechoshumanos.gob.ec\/?p=10673"},"modified":"2021-11-04T12:49:53","modified_gmt":"2021-11-04T17:49:53","slug":"la-secretaria-de-derechos-humanos-brindo-atencion-psicosocial-en-caso-de-tentativa-de-femicidio-en-el-canton-ponce-enriquez","status":"publish","type":"post","link":"https:\/\/www.ministeriodegobierno.gob.ec\/derechoshumanos\/2021\/10\/30\/la-secretaria-de-derechos-humanos-brindo-atencion-psicosocial-en-caso-de-tentativa-de-femicidio-en-el-canton-ponce-enriquez\/","title":{"rendered":"LA SECRETAR\u00cdA DE DERECHOS HUMANOS BRIND\u00d3 ATENCI\u00d3N PSICOSOCIAL EN CASO DE TENTATIVA DE FEMICIDIO EN EL CANT\u00d3N PONCE ENR\u00cdQUEZ"},"content":{"rendered":"\n<p class=\"wp-block-paragraph\"><\/p>\n\n\n\n<p class=\"wp-block-paragraph\"><strong>Ponce Enr\u00edquez, Ecuador.-<\/strong> El equipo de la Secretar\u00eda de Derechos Humanos, en coordinaci\u00f3n con el personal del Centro de Atenci\u00f3n Integral Rosa Vivar Movimiento de Mujeres de El Oro, brind\u00f3 atenci\u00f3n psicol\u00f3gica y social a una mujer de 25 a\u00f1os de edad, sobreviviente de posible tentativa de femicidio, suscitado en la parroquia Bella Rica del cant\u00f3n Ponce Enr\u00edquez, provincia del Azuay.<\/p>\n\n\n\n<p class=\"wp-block-paragraph\">El equipo de profesionales efectu\u00f3 levantamiento de informaci\u00f3n tanto en el \u00e1rea psicol\u00f3gica y social, la mujer se encuentra en el \u00e1rea de Shock Trauma, del Hospital Te\u00f3filo D\u00e1vila de la ciudad de Machala, debido a quemaduras de segundo grado en su cuerpo. As\u00ed mismo se realiz\u00f3 identificaci\u00f3n de necesidades presentadas en la familia para su gesti\u00f3n.<\/p>\n\n\n\n<p class=\"wp-block-paragraph\">Adem\u00e1s, se coordinaron acciones con el Ministerio de Salud P\u00fablica, y con la Direcci\u00f3n Zonal 6 de la Secretar\u00eda de Derechos Humanos, a fin de continuar con el seguimiento integral a los familiares e hijos de la sobreviviente de violencia.<\/p>\n\n\n\n<p class=\"wp-block-paragraph\">Sophia Cueva Mej\u00eda, coordinadora de Oficina T\u00e9cnica Zonal 7 manifest\u00f3 \u201ccomo equipo de esta cartera de Estado brindamos una atenci\u00f3n oportuna y especializada a las sobrevivientes de violencia verificando todas sus necesidades sociales y articulando de manera interinstitucional para dar una respuesta integral\u201d.<\/p>\n","protected":false},"excerpt":{"rendered":"<p class=\"excerpt\">Ponce Enr\u00edquez, Ecuador.- El equipo de la Secretar\u00eda de Derechos Humanos, en coordinaci\u00f3n con el personal del Centro de Atenci\u00f3n Integral Rosa Vivar Movimiento de Mujeres de El Oro, brind\u00f3 atenci\u00f3n psicol\u00f3gica y social a una mujer de 25 a\u00f1os de edad, sobreviviente de posible tentativa de femicidio, suscitado en la parroquia Bella Rica del cant\u00f3n Ponce Enr\u00edquez, provincia del&hellip; <a href=\"https:\/\/www.ministeriodegobierno.gob.ec\/derechoshumanos\/2021\/10\/30\/la-secretaria-de-derechos-humanos-brindo-atencion-psicosocial-en-caso-de-tentativa-de-femicidio-en-el-canton-ponce-enriquez\/\">Read more &rarr;<\/a><\/p>\n","protected":false},"author":6,"featured_media":10675,"comment_status":"closed","ping_status":"closed","sticky":false,"template":"","format":"standard","meta":{"footnotes":""},"categories":[20,5,6],"tags":[],"class_list":["post-10673","post","type-post","status-publish","format-standard","has-post-thumbnail","hentry","category-boletin-de-prensa","category-noticias","category-noticias-destacadas","xfolkentry"],"_links":{"self":[{"href":"https:\/\/www.ministeriodegobierno.gob.ec\/derechoshumanos\/wp-json\/wp\/v2\/posts\/10673","targetHints":{"allow":["GET"]}}],"collection":[{"href":"https:\/\/www.ministeriodegobierno.gob.ec\/derechoshumanos\/wp-json\/wp\/v2\/posts"}],"about":[{"href":"https:\/\/www.ministeriodegobierno.gob.ec\/derechoshumanos\/wp-json\/wp\/v2\/types\/post"}],"author":[{"embeddable":true,"href":"https:\/\/www.ministeriodegobierno.gob.ec\/derechoshumanos\/wp-json\/wp\/v2\/users\/6"}],"replies":[{"embeddable":true,"href":"https:\/\/www.ministeriodegobierno.gob.ec\/derechoshumanos\/wp-json\/wp\/v2\/comments?post=10673"}],"version-history":[{"count":2,"href":"https:\/\/www.ministeriodegobierno.gob.ec\/derechoshumanos\/wp-json\/wp\/v2\/posts\/10673\/revisions"}],"predecessor-version":[{"id":10700,"href":"https:\/\/www.ministeriodegobierno.gob.ec\/derechoshumanos\/wp-json\/wp\/v2\/posts\/10673\/revisions\/10700"}],"wp:featuredmedia":[{"embeddable":true,"href":"https:\/\/www.ministeriodegobierno.gob.ec\/derechoshumanos\/wp-json\/wp\/v2\/media\/10675"}],"wp:attachment":[{"href":"https:\/\/www.ministeriodegobierno.gob.ec\/derechoshumanos\/wp-json\/wp\/v2\/media?parent=10673"}],"wp:term":[{"taxonomy":"category","embeddable":true,"href":"https:\/\/www.ministeriodegobierno.gob.ec\/derechoshumanos\/wp-json\/wp\/v2\/categories?post=10673"},{"taxonomy":"post_tag","embeddable":true,"href":"https:\/\/www.ministeriodegobierno.gob.ec\/derechoshumanos\/wp-json\/wp\/v2\/tags?post=10673"}],"curies":[{"name":"wp","href":"https:\/\/api.w.org\/{rel}","templated":true}]}}