{"id":10692,"date":"2021-10-06T12:32:00","date_gmt":"2021-10-06T17:32:00","guid":{"rendered":"https:\/\/www.derechoshumanos.gob.ec\/?p=10692"},"modified":"2021-11-04T12:33:14","modified_gmt":"2021-11-04T17:33:14","slug":"el-plan-de-accion-de-la-secretaria-de-derechos-humanos-se-fortalece-gracias-a-la-donacion-de-unfpa-y-oim-en-ecuador","status":"publish","type":"post","link":"https:\/\/www.ministeriodegobierno.gob.ec\/derechoshumanos\/2021\/10\/06\/el-plan-de-accion-de-la-secretaria-de-derechos-humanos-se-fortalece-gracias-a-la-donacion-de-unfpa-y-oim-en-ecuador\/","title":{"rendered":"EL PLAN DE ACCI\u00d3N DE LA SECRETAR\u00cdA DE DERECHOS HUMANOS SE FORTALECE GRACIAS A LA DONACI\u00d3N DE UNFPA Y OIM EN ECUADOR"},"content":{"rendered":"\n<p class=\"wp-block-paragraph\"><\/p>\n\n\n\n<p class=\"wp-block-paragraph\"><strong>Quito, Ecuador. \u2013<\/strong> La Secretar\u00eda de Derechos Humanos recibi\u00f3 donaciones del Fondo de Poblaci\u00f3n de las Naciones Unidas (UNFPA), y de la Organizaci\u00f3n Internacional para las Migraciones (OIM); como parte de la respuesta humanitaria a la emergencia por COVID-19, y en beneficio de mujeres sobrevivientes de violencia, alojadas en Casas de Acogida y usuarias de los Servicio de Protecci\u00f3n Integral.<\/p>\n\n\n\n<p class=\"wp-block-paragraph\">UNFPA entreg\u00f3 1002 Kits de Dignidad destinados a las mujeres ecuatorianas, extranjeras y en situaci\u00f3n de movilidad humana usuarias del Servicio de Protecci\u00f3n Integral (SPI) en las fronteras norte y sur del Ecuador, en las provincias de: Esmeraldas, Carchi, Imbabura, Sucumb\u00edos y El Oro. Los kits contienen: una mochila con mascarillas reusables, toallas higi\u00e9nicas, ropa interior femenina, alcohol, gel, y material informativo para la prevenci\u00f3n de la violencia contra la mujer.<\/p>\n\n\n\n<p class=\"wp-block-paragraph\">En un trabajo integral UNFPA incluyo en el kit cuadernos informativos que abordan temas como: tipos de violencia; el \u201cviolent\u00f3metro\u201d que ayuda a identificar las manifestaciones de violencia; m\u00e9todos anticonceptivos; se\u00f1ales de peligro en el embarazo, antes y despu\u00e9s del parto, y en el reci\u00e9n nacido; informaci\u00f3n sobre el VIH &#8211; SIDA; mapas de servicios multisectoriales de violencia basada en g\u00e9nero &nbsp;y salud sexual y reproductiva en Frontera Norte y Sur;&nbsp; informaci\u00f3n b\u00e1sica para la prevenci\u00f3n de COVID-19; la ruta de atenci\u00f3n y denuncia en casos de violencia contra las mujeres o miembros del n\u00facleo familiar en el Sistema Judicial; y la ruta para el otorgamiento de Medidas Administrativas Inmediatas de Protecci\u00f3n.<\/p>\n\n\n\n<p class=\"wp-block-paragraph\">Por otro lado, la OIM entreg\u00f3 computadoras e insumos tecnol\u00f3gicos para los equipos del Servicio de Protecci\u00f3n Integral, Centros de Atenci\u00f3n y Casa de Acogida de la Zona 1, con el fin de cumplir los objetivos del proyecto SART, este sistema monitorea informaci\u00f3n de instituciones y plataformas virtuales a fin de identificar alertas en torno a casos de violencia, trata de personas y tr\u00e1fico il\u00edcito de migrantes.<\/p>\n\n\n\n<p class=\"wp-block-paragraph\">La Secretaria de Derechos Humanos, Bernarda Ord\u00f3\u00f1ez Moscoso, destac\u00f3 la importancia que representan las donaciones; en el caso de muchas mujeres que han tenido que dejar su hogar, provincia, pa\u00eds y no disponen de algo muchas veces tan indispensable como una toalla sanitaria; adem\u00e1s precis\u00f3 que el levantamiento de alertas permitir\u00e1 llegar a m\u00e1s espacios en la atenci\u00f3n a casos de violencia de g\u00e9nero. \u201cEstas acciones significan brindar dignidad a todas las mujeres que han tenido que dejar su pa\u00eds y que hoy viven violencia de g\u00e9nero\u201d, se\u00f1al\u00f3.<\/p>\n","protected":false},"excerpt":{"rendered":"<p class=\"excerpt\">Quito, Ecuador. \u2013 La Secretar\u00eda de Derechos Humanos recibi\u00f3 donaciones del Fondo de Poblaci\u00f3n de las Naciones Unidas (UNFPA), y de la Organizaci\u00f3n Internacional para las Migraciones (OIM); como parte de la respuesta humanitaria a la emergencia por COVID-19, y en beneficio de mujeres sobrevivientes de violencia, alojadas en Casas de Acogida y usuarias de los Servicio de Protecci\u00f3n Integral.&hellip; <a href=\"https:\/\/www.ministeriodegobierno.gob.ec\/derechoshumanos\/2021\/10\/06\/el-plan-de-accion-de-la-secretaria-de-derechos-humanos-se-fortalece-gracias-a-la-donacion-de-unfpa-y-oim-en-ecuador\/\">Read more &rarr;<\/a><\/p>\n","protected":false},"author":6,"featured_media":10693,"comment_status":"closed","ping_status":"closed","sticky":false,"template":"","format":"standard","meta":{"footnotes":""},"categories":[20,5,6],"tags":[],"class_list":["post-10692","post","type-post","status-publish","format-standard","has-post-thumbnail","hentry","category-boletin-de-prensa","category-noticias","category-noticias-destacadas","xfolkentry"],"_links":{"self":[{"href":"https:\/\/www.ministeriodegobierno.gob.ec\/derechoshumanos\/wp-json\/wp\/v2\/posts\/10692","targetHints":{"allow":["GET"]}}],"collection":[{"href":"https:\/\/www.ministeriodegobierno.gob.ec\/derechoshumanos\/wp-json\/wp\/v2\/posts"}],"about":[{"href":"https:\/\/www.ministeriodegobierno.gob.ec\/derechoshumanos\/wp-json\/wp\/v2\/types\/post"}],"author":[{"embeddable":true,"href":"https:\/\/www.ministeriodegobierno.gob.ec\/derechoshumanos\/wp-json\/wp\/v2\/users\/6"}],"replies":[{"embeddable":true,"href":"https:\/\/www.ministeriodegobierno.gob.ec\/derechoshumanos\/wp-json\/wp\/v2\/comments?post=10692"}],"version-history":[{"count":1,"href":"https:\/\/www.ministeriodegobierno.gob.ec\/derechoshumanos\/wp-json\/wp\/v2\/posts\/10692\/revisions"}],"predecessor-version":[{"id":10694,"href":"https:\/\/www.ministeriodegobierno.gob.ec\/derechoshumanos\/wp-json\/wp\/v2\/posts\/10692\/revisions\/10694"}],"wp:featuredmedia":[{"embeddable":true,"href":"https:\/\/www.ministeriodegobierno.gob.ec\/derechoshumanos\/wp-json\/wp\/v2\/media\/10693"}],"wp:attachment":[{"href":"https:\/\/www.ministeriodegobierno.gob.ec\/derechoshumanos\/wp-json\/wp\/v2\/media?parent=10692"}],"wp:term":[{"taxonomy":"category","embeddable":true,"href":"https:\/\/www.ministeriodegobierno.gob.ec\/derechoshumanos\/wp-json\/wp\/v2\/categories?post=10692"},{"taxonomy":"post_tag","embeddable":true,"href":"https:\/\/www.ministeriodegobierno.gob.ec\/derechoshumanos\/wp-json\/wp\/v2\/tags?post=10692"}],"curies":[{"name":"wp","href":"https:\/\/api.w.org\/{rel}","templated":true}]}}