{"id":10705,"date":"2021-11-05T18:14:40","date_gmt":"2021-11-05T23:14:40","guid":{"rendered":"https:\/\/www.derechoshumanos.gob.ec\/?p=10705"},"modified":"2021-11-05T18:14:41","modified_gmt":"2021-11-05T23:14:41","slug":"en-pasaje-el-servicio-de-proteccion-integral-brindo-atencion-psicosocial-a-nna-sobreviviente-de-posible-violencia-sexual","status":"publish","type":"post","link":"https:\/\/www.ministeriodegobierno.gob.ec\/derechoshumanos\/2021\/11\/05\/en-pasaje-el-servicio-de-proteccion-integral-brindo-atencion-psicosocial-a-nna-sobreviviente-de-posible-violencia-sexual\/","title":{"rendered":"EN PASAJE EL SERVICIO DE PROTECCI\u00d3N INTEGRAL BRIND\u00d3 ATENCI\u00d3N PSICOSOCIAL A  NNA SOBREVIVIENTE DE POSIBLE VIOLENCIA SEXUAL"},"content":{"rendered":"\n<p class=\"wp-block-paragraph\"><\/p>\n\n\n\n<p class=\"wp-block-paragraph\"><strong>Pasaje, El Oro.-<\/strong> El Servicio de Protecci\u00f3n Integral, (SPI) brind\u00f3 atenci\u00f3n psicosocial a NNA, sobreviviente de posible violencia sexual en el \u00e1mbito intrafamiliar, el caso fue alertado por la Coordinaci\u00f3n del Ministerio de Salud P\u00fablica.<\/p>\n\n\n\n<p class=\"wp-block-paragraph\">Una vez recibida la alerta, profesionales de esta cartera de Estado se contactaron de inmediato con familiares de la mujer, a fin de solicitar datos b\u00e1sicos, adem\u00e1s de&nbsp; realizar el levantamiento de informaci\u00f3n psicosocial.<\/p>\n\n\n\n<p class=\"wp-block-paragraph\">Asimismo, &nbsp;se coordin\u00f3 acciones interinstitucionales con la Unidad Nacional de Investigaci\u00f3n y Protecci\u00f3n de Ni\u00f1os, Ni\u00f1as y Adolescentes \u2013 UNIPEN de la Polic\u00eda Nacional para dar seguimiento al tr\u00e1mite legal, igualmente con el personal de los hospitales San Vicente de Pa\u00fal y Te\u00f3filo D\u00e1vila para la valoraci\u00f3n m\u00e9dica por parte de la pediatra de turno, quien &nbsp;realiz\u00f3 la interconsulta en la sala de primera acogida, para la atenci\u00f3n psicol\u00f3gica.<\/p>\n\n\n\n<p class=\"wp-block-paragraph\">Cabe mencionar que todo el tiempo personal del SPI brind\u00f3 acompa\u00f1amiento t\u00e9cnico al NNA y a la abuela materna, quienes acudieron hasta la &nbsp;Fiscal\u00eda del cant\u00f3n Pasaje y a la Unidad Judicial de la Ni\u00f1ez y Familia solicitar las medidas administrativas de protecci\u00f3n inmediatas.<\/p>\n\n\n\n<p class=\"wp-block-paragraph\">Sophia Cueva Mej\u00eda, coordinadora de Oficina T\u00e9cnica Zonal 7 indic\u00f3 \u201cnuestros equipos t\u00e9cnicos en territorio se encuentran activos, para brindar una atenci\u00f3n oportuna y eficaz a las sobrevivientes de violencia, mediante un trabajo articulado de manera interinstitucional\u201d.<\/p>\n","protected":false},"excerpt":{"rendered":"<p class=\"excerpt\">Pasaje, El Oro.- El Servicio de Protecci\u00f3n Integral, (SPI) brind\u00f3 atenci\u00f3n psicosocial a NNA, sobreviviente de posible violencia sexual en el \u00e1mbito intrafamiliar, el caso fue alertado por la Coordinaci\u00f3n del Ministerio de Salud P\u00fablica. Una vez recibida la alerta, profesionales de esta cartera de Estado se contactaron de inmediato con familiares de la mujer, a fin de solicitar datos&hellip; <a href=\"https:\/\/www.ministeriodegobierno.gob.ec\/derechoshumanos\/2021\/11\/05\/en-pasaje-el-servicio-de-proteccion-integral-brindo-atencion-psicosocial-a-nna-sobreviviente-de-posible-violencia-sexual\/\">Read more &rarr;<\/a><\/p>\n","protected":false},"author":6,"featured_media":10706,"comment_status":"closed","ping_status":"closed","sticky":false,"template":"","format":"standard","meta":{"footnotes":""},"categories":[20,5,6],"tags":[],"class_list":["post-10705","post","type-post","status-publish","format-standard","has-post-thumbnail","hentry","category-boletin-de-prensa","category-noticias","category-noticias-destacadas","xfolkentry"],"_links":{"self":[{"href":"https:\/\/www.ministeriodegobierno.gob.ec\/derechoshumanos\/wp-json\/wp\/v2\/posts\/10705","targetHints":{"allow":["GET"]}}],"collection":[{"href":"https:\/\/www.ministeriodegobierno.gob.ec\/derechoshumanos\/wp-json\/wp\/v2\/posts"}],"about":[{"href":"https:\/\/www.ministeriodegobierno.gob.ec\/derechoshumanos\/wp-json\/wp\/v2\/types\/post"}],"author":[{"embeddable":true,"href":"https:\/\/www.ministeriodegobierno.gob.ec\/derechoshumanos\/wp-json\/wp\/v2\/users\/6"}],"replies":[{"embeddable":true,"href":"https:\/\/www.ministeriodegobierno.gob.ec\/derechoshumanos\/wp-json\/wp\/v2\/comments?post=10705"}],"version-history":[{"count":1,"href":"https:\/\/www.ministeriodegobierno.gob.ec\/derechoshumanos\/wp-json\/wp\/v2\/posts\/10705\/revisions"}],"predecessor-version":[{"id":10707,"href":"https:\/\/www.ministeriodegobierno.gob.ec\/derechoshumanos\/wp-json\/wp\/v2\/posts\/10705\/revisions\/10707"}],"wp:featuredmedia":[{"embeddable":true,"href":"https:\/\/www.ministeriodegobierno.gob.ec\/derechoshumanos\/wp-json\/wp\/v2\/media\/10706"}],"wp:attachment":[{"href":"https:\/\/www.ministeriodegobierno.gob.ec\/derechoshumanos\/wp-json\/wp\/v2\/media?parent=10705"}],"wp:term":[{"taxonomy":"category","embeddable":true,"href":"https:\/\/www.ministeriodegobierno.gob.ec\/derechoshumanos\/wp-json\/wp\/v2\/categories?post=10705"},{"taxonomy":"post_tag","embeddable":true,"href":"https:\/\/www.ministeriodegobierno.gob.ec\/derechoshumanos\/wp-json\/wp\/v2\/tags?post=10705"}],"curies":[{"name":"wp","href":"https:\/\/api.w.org\/{rel}","templated":true}]}}