{"id":10708,"date":"2021-11-08T12:50:11","date_gmt":"2021-11-08T17:50:11","guid":{"rendered":"https:\/\/www.derechoshumanos.gob.ec\/?p=10708"},"modified":"2021-11-08T12:50:14","modified_gmt":"2021-11-08T17:50:14","slug":"equipo-de-la-secretaria-de-derechos-humanos-se-capacita-en-politica-publica-con-enfoque-de-derechos-en-panama","status":"publish","type":"post","link":"https:\/\/www.ministeriodegobierno.gob.ec\/derechoshumanos\/2021\/11\/08\/equipo-de-la-secretaria-de-derechos-humanos-se-capacita-en-politica-publica-con-enfoque-de-derechos-en-panama\/","title":{"rendered":"EQUIPO DE LA SECRETAR\u00cdA DE DERECHOS HUMANOS SE CAPACITA EN POL\u00cdTICA P\u00daBLICA CON ENFOQUE DE DERECHOS EN PANAM\u00c1"},"content":{"rendered":"\n<p class=\"wp-block-paragraph\"><\/p>\n\n\n\n<p class=\"wp-block-paragraph\"><strong>Quito, Ecuador. \u2013<\/strong> La Secretar\u00eda de Derechos Humanos participa en el Encuentro Anual del Programa de Asistencia Contra el Crimen Transnacional Organizado (El PAcCTO); un espacio de ponencias y capacitaci\u00f3n para reflexionar y reforzar la cooperaci\u00f3n internacional frente a \u201cLas finanzas del crimen organizado\u201d. El encuentro se desarrolla del 8 al 12 de noviembre, en Ciudad de Panam\u00e1.<\/p>\n\n\n\n<p class=\"wp-block-paragraph\">En este encuentro participa un delegado de la m\u00e1xima autoridad de la Secretar\u00eda de Derechos Humanos, para recibir capacitaciones sobre la pol\u00edtica p\u00fablica con enfoque de derechos humanos y ser parte del intercambio de experiencias y buenas pr\u00e1cticas entre pa\u00edses de la Uni\u00f3n Europea y de Am\u00e9rica Latina.<\/p>\n\n\n\n<p class=\"wp-block-paragraph\">En este espacio se abordar\u00e1 como ponencia inaugural \u201cLa Iniciativa Equipo Europa sobre Gobernanza, Justicia y Seguridad\u201d y se desarrollar\u00e1 un conversatorio en torno al tema \u201cEl dinero del crimen no duerme\u201d; adem\u00e1s, se desplegar\u00e1n 8 talleres de trabajo y se abrir\u00e1n espacios para reuniones bilaterales entre EL PAcCTO y representantes de los pa\u00edses de la regi\u00f3n.<\/p>\n\n\n\n<p class=\"wp-block-paragraph\">El encuentro ser\u00e1 presidido por Chris Hoornaert, Embajador de la Uni\u00f3n Europea en Panam\u00e1 y Jorge de la Caballer\u00eda, Jefe de la Unidad B1 de la Direcci\u00f3n General de Alianzas Internacionales de la Comisi\u00f3n Europea, adem\u00e1s contar\u00e1 con panelistas procedentes de Am\u00e9rica Latina y Europa<\/p>\n\n\n\n<p class=\"wp-block-paragraph\">EL PAcCTO (Europa Latinoam\u00e9rica Programa de Asistencia contra el Crimen Transnacional Organizado) es un programa de cooperaci\u00f3n internacional financiado por la Uni\u00f3n Europea que busca contribuir a la seguridad y la justicia en Am\u00e9rica Latina a trav\u00e9s del apoyo a la lucha contra el crimen transnacional organizado. EL PAcCTO aborda toda la cadena penal desde una perspectiva integral a trav\u00e9s de su trabajo en tres componentes: policial, justicia, penitenciario.&nbsp;<\/p>\n","protected":false},"excerpt":{"rendered":"<p class=\"excerpt\">Quito, Ecuador. \u2013 La Secretar\u00eda de Derechos Humanos participa en el Encuentro Anual del Programa de Asistencia Contra el Crimen Transnacional Organizado (El PAcCTO); un espacio de ponencias y capacitaci\u00f3n para reflexionar y reforzar la cooperaci\u00f3n internacional frente a \u201cLas finanzas del crimen organizado\u201d. El encuentro se desarrolla del 8 al 12 de noviembre, en Ciudad de Panam\u00e1. En este&hellip; <a href=\"https:\/\/www.ministeriodegobierno.gob.ec\/derechoshumanos\/2021\/11\/08\/equipo-de-la-secretaria-de-derechos-humanos-se-capacita-en-politica-publica-con-enfoque-de-derechos-en-panama\/\">Read more &rarr;<\/a><\/p>\n","protected":false},"author":6,"featured_media":10709,"comment_status":"closed","ping_status":"closed","sticky":false,"template":"","format":"standard","meta":{"footnotes":""},"categories":[20,5,6],"tags":[],"class_list":["post-10708","post","type-post","status-publish","format-standard","has-post-thumbnail","hentry","category-boletin-de-prensa","category-noticias","category-noticias-destacadas","xfolkentry"],"_links":{"self":[{"href":"https:\/\/www.ministeriodegobierno.gob.ec\/derechoshumanos\/wp-json\/wp\/v2\/posts\/10708","targetHints":{"allow":["GET"]}}],"collection":[{"href":"https:\/\/www.ministeriodegobierno.gob.ec\/derechoshumanos\/wp-json\/wp\/v2\/posts"}],"about":[{"href":"https:\/\/www.ministeriodegobierno.gob.ec\/derechoshumanos\/wp-json\/wp\/v2\/types\/post"}],"author":[{"embeddable":true,"href":"https:\/\/www.ministeriodegobierno.gob.ec\/derechoshumanos\/wp-json\/wp\/v2\/users\/6"}],"replies":[{"embeddable":true,"href":"https:\/\/www.ministeriodegobierno.gob.ec\/derechoshumanos\/wp-json\/wp\/v2\/comments?post=10708"}],"version-history":[{"count":1,"href":"https:\/\/www.ministeriodegobierno.gob.ec\/derechoshumanos\/wp-json\/wp\/v2\/posts\/10708\/revisions"}],"predecessor-version":[{"id":10710,"href":"https:\/\/www.ministeriodegobierno.gob.ec\/derechoshumanos\/wp-json\/wp\/v2\/posts\/10708\/revisions\/10710"}],"wp:featuredmedia":[{"embeddable":true,"href":"https:\/\/www.ministeriodegobierno.gob.ec\/derechoshumanos\/wp-json\/wp\/v2\/media\/10709"}],"wp:attachment":[{"href":"https:\/\/www.ministeriodegobierno.gob.ec\/derechoshumanos\/wp-json\/wp\/v2\/media?parent=10708"}],"wp:term":[{"taxonomy":"category","embeddable":true,"href":"https:\/\/www.ministeriodegobierno.gob.ec\/derechoshumanos\/wp-json\/wp\/v2\/categories?post=10708"},{"taxonomy":"post_tag","embeddable":true,"href":"https:\/\/www.ministeriodegobierno.gob.ec\/derechoshumanos\/wp-json\/wp\/v2\/tags?post=10708"}],"curies":[{"name":"wp","href":"https:\/\/api.w.org\/{rel}","templated":true}]}}