{"id":10720,"date":"2021-11-10T18:40:17","date_gmt":"2021-11-10T23:40:17","guid":{"rendered":"https:\/\/www.derechoshumanos.gob.ec\/?p=10720"},"modified":"2021-11-10T18:40:18","modified_gmt":"2021-11-10T23:40:18","slug":"el-directorio-del-organismo-tecnico-del-sistema-nacional-de-rehabilitacion-social-resuelve-la-conformacion-de-comision-de-intervencion-emergente-del-estado-en-los-centros-de-privacion-de-libertad","status":"publish","type":"post","link":"https:\/\/www.ministeriodegobierno.gob.ec\/derechoshumanos\/2021\/11\/10\/el-directorio-del-organismo-tecnico-del-sistema-nacional-de-rehabilitacion-social-resuelve-la-conformacion-de-comision-de-intervencion-emergente-del-estado-en-los-centros-de-privacion-de-libertad\/","title":{"rendered":"EL DIRECTORIO DEL ORGANISMO T\u00c9CNICO DEL SISTEMA NACIONAL DE REHABILITACI\u00d3N SOCIAL RESUELVE LA CONFORMACI\u00d3N DE COMISI\u00d3N DE INTERVENCI\u00d3N EMERGENTE  DEL ESTADO EN LOS CENTROS DE PRIVACI\u00d3N DE LIBERTAD"},"content":{"rendered":"\n<p class=\"wp-block-paragraph\"><strong>Quito, Ecuador. \u2013<\/strong> El Directorio del Organismo T\u00e9cnico del Sistema Nacional de Rehabilitaci\u00f3n Social (SNRS), contin\u00faa en sesi\u00f3n permanente por lo que reinstal\u00f3 este 10 de noviembre la sesi\u00f3n extraordinaria 003; en esta ocasi\u00f3n recibi\u00f3 a las autoridades de la Procuradur\u00eda General del Estado; el Instituto Nacional de Estad\u00edsticas y Censos; Ministerio de Relaciones Exteriores y Movilidad Humana; y Secretar\u00eda General Jur\u00eddica de la Presidencia, quienes aportaron sugerencias y recomendaciones al Sistema en cumplimiento del Auto de verificaci\u00f3n de la Corte Constitucional 14-12-AN-21.<\/p>\n\n\n\n<p class=\"wp-block-paragraph\">La Presidenta del Directorio del Organismo T\u00e9cnico del Sistema Nacional de Rehabilitaci\u00f3n Social, Bernarda Ord\u00f3\u00f1ez Moscoso, se\u00f1al\u00f3 que es necesario tomar acciones urgentes para solucionar la crisis penitenciaria en el Ecuador, por lo que present\u00f3 una moci\u00f3n para conformar una Comisi\u00f3n de Intervenci\u00f3n Emergente del Estado en los Centros de Privaci\u00f3n de Libertad del pa\u00eds, misma que fue aprobada por la mayor\u00eda del Directorio.<\/p>\n\n\n\n<p class=\"wp-block-paragraph\">Esta Comisi\u00f3n ser\u00e1 liderada por la Defensor\u00eda del Pueblo, en su calidad de Instituci\u00f3n Nacional de Derechos Humanos, encargada de la tutela, protecci\u00f3n y promoci\u00f3n de derechos humanos, y estar\u00e1 conformada por las Gobernaciones de las provincias donde exista alg\u00fan Centro de Privaci\u00f3n de Libertad y de Adolescentes Infractores; las instituciones integrantes del Directorio; la Comisi\u00f3n Especializada Permanente de Soberan\u00eda, Integraci\u00f3n y Seguridad Integral de la Asamblea Nacional; la Iglesia ecuatoriana; la Corte Nacional de Justicia; el Consejo de la Judicatura; la Fiscal\u00eda General del Estado; al menos tres instituciones de educaci\u00f3n superior, al menos tres instituciones de la sociedad civil enmarcadas al tema y al menos tres representantes de los medios de comunicaci\u00f3n.<\/p>\n\n\n\n<p class=\"wp-block-paragraph\">Conforme los acuerdos establecidos en la \u00faltima sesi\u00f3n del Directorio y en cumplimiento a lo establecido en el Reglamento del Sistema Nacional de Rehabilitaci\u00f3n Social, el Instituto Nacional de Estad\u00edstica y Censos (INEC) y el Servicio Nacional de Atenci\u00f3n Integral para Personas Privadas de Libertad y Adolescentes Infractores (SNAI), realizaron la presentaci\u00f3n de la metodolog\u00eda, priorizaci\u00f3n y cronograma para la ejecuci\u00f3n del Censo Penitenciario.<\/p>\n\n\n\n<p class=\"wp-block-paragraph\">Por otro lado, el Directorio revis\u00f3 las principales observaciones del Informe Final al s\u00e9ptimo informe peri\u00f3dico del Estado ecuatoriano sobre la aplicaci\u00f3n e implementaci\u00f3n de la Convenci\u00f3n contra la tortura y otros tratos o penas crueles inhumanos o degradantes; por lo que las instituciones invitadas realizaron aportes y recomendaciones a esta tem\u00e1tica con base en sus competencias.<\/p>\n\n\n\n<p class=\"wp-block-paragraph\">Adem\u00e1s, la Secretar\u00eda de Derechos Humanos realiz\u00f3 la presentaci\u00f3n del primer Informe Mensual sobre el avance en el cumplimiento de las disposiciones constitucionales del Auto de verificaci\u00f3n de cumplimiento 14-12-AN-21.<\/p>\n\n\n\n<p class=\"wp-block-paragraph\">El Directorio declarado en sesi\u00f3n permanente desde el 7 de octubre, clausur\u00f3 la Sesi\u00f3n Extraordinaria 003 y se comprometi\u00f3 en realizar el acta respectiva para el seguimiento a las decisiones. Adem\u00e1s, se convocar\u00e1 a la siguiente sesi\u00f3n inmediatamente para retomar las acciones y soluciones a las problem\u00e1ticas que enfrenta el Sistema Nacional de Rehabilitaci\u00f3n Social.<\/p>\n","protected":false},"excerpt":{"rendered":"<p class=\"excerpt\">Quito, Ecuador. \u2013 El Directorio del Organismo T\u00e9cnico del Sistema Nacional de Rehabilitaci\u00f3n Social (SNRS), contin\u00faa en sesi\u00f3n permanente por lo que reinstal\u00f3 este 10 de noviembre la sesi\u00f3n extraordinaria 003; en esta ocasi\u00f3n recibi\u00f3 a las autoridades de la Procuradur\u00eda General del Estado; el Instituto Nacional de Estad\u00edsticas y Censos; Ministerio de Relaciones Exteriores y Movilidad Humana; y Secretar\u00eda&hellip; <a href=\"https:\/\/www.ministeriodegobierno.gob.ec\/derechoshumanos\/2021\/11\/10\/el-directorio-del-organismo-tecnico-del-sistema-nacional-de-rehabilitacion-social-resuelve-la-conformacion-de-comision-de-intervencion-emergente-del-estado-en-los-centros-de-privacion-de-libertad\/\">Read more &rarr;<\/a><\/p>\n","protected":false},"author":6,"featured_media":10721,"comment_status":"closed","ping_status":"closed","sticky":false,"template":"","format":"standard","meta":{"footnotes":""},"categories":[20,5,6],"tags":[],"class_list":["post-10720","post","type-post","status-publish","format-standard","has-post-thumbnail","hentry","category-boletin-de-prensa","category-noticias","category-noticias-destacadas","xfolkentry"],"_links":{"self":[{"href":"https:\/\/www.ministeriodegobierno.gob.ec\/derechoshumanos\/wp-json\/wp\/v2\/posts\/10720","targetHints":{"allow":["GET"]}}],"collection":[{"href":"https:\/\/www.ministeriodegobierno.gob.ec\/derechoshumanos\/wp-json\/wp\/v2\/posts"}],"about":[{"href":"https:\/\/www.ministeriodegobierno.gob.ec\/derechoshumanos\/wp-json\/wp\/v2\/types\/post"}],"author":[{"embeddable":true,"href":"https:\/\/www.ministeriodegobierno.gob.ec\/derechoshumanos\/wp-json\/wp\/v2\/users\/6"}],"replies":[{"embeddable":true,"href":"https:\/\/www.ministeriodegobierno.gob.ec\/derechoshumanos\/wp-json\/wp\/v2\/comments?post=10720"}],"version-history":[{"count":1,"href":"https:\/\/www.ministeriodegobierno.gob.ec\/derechoshumanos\/wp-json\/wp\/v2\/posts\/10720\/revisions"}],"predecessor-version":[{"id":10722,"href":"https:\/\/www.ministeriodegobierno.gob.ec\/derechoshumanos\/wp-json\/wp\/v2\/posts\/10720\/revisions\/10722"}],"wp:featuredmedia":[{"embeddable":true,"href":"https:\/\/www.ministeriodegobierno.gob.ec\/derechoshumanos\/wp-json\/wp\/v2\/media\/10721"}],"wp:attachment":[{"href":"https:\/\/www.ministeriodegobierno.gob.ec\/derechoshumanos\/wp-json\/wp\/v2\/media?parent=10720"}],"wp:term":[{"taxonomy":"category","embeddable":true,"href":"https:\/\/www.ministeriodegobierno.gob.ec\/derechoshumanos\/wp-json\/wp\/v2\/categories?post=10720"},{"taxonomy":"post_tag","embeddable":true,"href":"https:\/\/www.ministeriodegobierno.gob.ec\/derechoshumanos\/wp-json\/wp\/v2\/tags?post=10720"}],"curies":[{"name":"wp","href":"https:\/\/api.w.org\/{rel}","templated":true}]}}