{"id":10725,"date":"2021-11-11T18:19:22","date_gmt":"2021-11-11T23:19:22","guid":{"rendered":"https:\/\/www.derechoshumanos.gob.ec\/?p=10725"},"modified":"2021-11-11T18:19:59","modified_gmt":"2021-11-11T23:19:59","slug":"disculpas-publicas","status":"publish","type":"post","link":"https:\/\/www.ministeriodegobierno.gob.ec\/derechoshumanos\/2021\/11\/11\/disculpas-publicas\/","title":{"rendered":"DISCULPAS P\u00daBLICAS"},"content":{"rendered":"\n<p class=\"wp-block-paragraph\"><br>La Secretar\u00eda de Derechos Humanos, en cumplimiento de lo ordenado por la Corte Constitucional en la sentencia 28-19-AN del 29 de septiembre de 2021, en nombre del estado ecuatoriano, hace extensivas las siguientes disculpas p\u00fablicas:<\/p>\n\n\n\n<p class=\"wp-block-paragraph\"><br>\u201cEl Estado ecuatoriano pide disculpas a los se\u00f1ores Diego Cano Molestina, Ramiro Guerrero C\u00f3rdova, Edgar de la Cueva Y\u00e1nez y John Plaza Garay por no haber dado cumplimiento efectivo a la obligaci\u00f3n contenida en los informes 363, 367, 372 y 382 emitidos por el Consejo de Administraci\u00f3n de la Organizaci\u00f3n Internacional del Trabajo, que reconocieron vulneraciones al derecho a la libertad sindical de los accionantes. Asimismo, el Estado ecuatoriano ofrece disculpas a estas personas por las afectaciones que se generaron por la falta de cumplimiento oportuno de sus obligaciones internacionales\u201d.<\/p>\n\n\n\n<p class=\"wp-block-paragraph\">Secretar\u00eda de Derechos Humanos<\/p>\n","protected":false},"excerpt":{"rendered":"<p class=\"excerpt\">La Secretar\u00eda de Derechos Humanos, en cumplimiento de lo ordenado por la Corte Constitucional en la sentencia 28-19-AN del 29 de septiembre de 2021, en nombre del estado ecuatoriano, hace extensivas las siguientes disculpas p\u00fablicas: \u201cEl Estado ecuatoriano pide disculpas a los se\u00f1ores Diego Cano Molestina, Ramiro Guerrero C\u00f3rdova, Edgar de la Cueva Y\u00e1nez y John Plaza Garay por no&hellip; <a href=\"https:\/\/www.ministeriodegobierno.gob.ec\/derechoshumanos\/2021\/11\/11\/disculpas-publicas\/\">Read more &rarr;<\/a><\/p>\n","protected":false},"author":10,"featured_media":10730,"comment_status":"closed","ping_status":"closed","sticky":false,"template":"","format":"standard","meta":{"footnotes":""},"categories":[20,5,6,1],"tags":[],"class_list":["post-10725","post","type-post","status-publish","format-standard","has-post-thumbnail","hentry","category-boletin-de-prensa","category-noticias","category-noticias-destacadas","category-sin-categoria","xfolkentry"],"_links":{"self":[{"href":"https:\/\/www.ministeriodegobierno.gob.ec\/derechoshumanos\/wp-json\/wp\/v2\/posts\/10725","targetHints":{"allow":["GET"]}}],"collection":[{"href":"https:\/\/www.ministeriodegobierno.gob.ec\/derechoshumanos\/wp-json\/wp\/v2\/posts"}],"about":[{"href":"https:\/\/www.ministeriodegobierno.gob.ec\/derechoshumanos\/wp-json\/wp\/v2\/types\/post"}],"author":[{"embeddable":true,"href":"https:\/\/www.ministeriodegobierno.gob.ec\/derechoshumanos\/wp-json\/wp\/v2\/users\/10"}],"replies":[{"embeddable":true,"href":"https:\/\/www.ministeriodegobierno.gob.ec\/derechoshumanos\/wp-json\/wp\/v2\/comments?post=10725"}],"version-history":[{"count":2,"href":"https:\/\/www.ministeriodegobierno.gob.ec\/derechoshumanos\/wp-json\/wp\/v2\/posts\/10725\/revisions"}],"predecessor-version":[{"id":10731,"href":"https:\/\/www.ministeriodegobierno.gob.ec\/derechoshumanos\/wp-json\/wp\/v2\/posts\/10725\/revisions\/10731"}],"wp:featuredmedia":[{"embeddable":true,"href":"https:\/\/www.ministeriodegobierno.gob.ec\/derechoshumanos\/wp-json\/wp\/v2\/media\/10730"}],"wp:attachment":[{"href":"https:\/\/www.ministeriodegobierno.gob.ec\/derechoshumanos\/wp-json\/wp\/v2\/media?parent=10725"}],"wp:term":[{"taxonomy":"category","embeddable":true,"href":"https:\/\/www.ministeriodegobierno.gob.ec\/derechoshumanos\/wp-json\/wp\/v2\/categories?post=10725"},{"taxonomy":"post_tag","embeddable":true,"href":"https:\/\/www.ministeriodegobierno.gob.ec\/derechoshumanos\/wp-json\/wp\/v2\/tags?post=10725"}],"curies":[{"name":"wp","href":"https:\/\/api.w.org\/{rel}","templated":true}]}}