{"id":10739,"date":"2021-11-18T16:45:08","date_gmt":"2021-11-18T21:45:08","guid":{"rendered":"https:\/\/www.derechoshumanos.gob.ec\/?p=10739"},"modified":"2021-11-18T16:45:08","modified_gmt":"2021-11-18T21:45:08","slug":"el-gobierno-nacional-inicia-las-jornadas-libres-de-violencia-hacia-las-ninas-y-mujeres","status":"publish","type":"post","link":"https:\/\/www.ministeriodegobierno.gob.ec\/derechoshumanos\/2021\/11\/18\/el-gobierno-nacional-inicia-las-jornadas-libres-de-violencia-hacia-las-ninas-y-mujeres\/","title":{"rendered":"EL GOBIERNO NACIONAL INICIA LAS JORNADAS LIBRES DE VIOLENCIA HACIA LAS NI\u00d1AS Y MUJERES"},"content":{"rendered":"\n<p class=\"wp-block-paragraph\">La Secretar\u00eda de Derechos Humanos (SDH) mediante Decreto N\u00b0 216 del 1 de octubre de 2021, asumi\u00f3 la competencia de \u201cErradicaci\u00f3n de la violencia contra ni\u00f1as, ni\u00f1os, adolescentes y mujeres\u201d y &nbsp;es la instancia rectora para la aplicaci\u00f3n de la Ley Org\u00e1nica Integral para Prevenir y Erradicar la Violencia contra las Mujeres (LOIPEVCM) en el pa\u00eds.<\/p>\n\n\n\n<p class=\"wp-block-paragraph\">Nuestro plan de acci\u00f3n como Secretar\u00eda de Derechos Humanos cuenta con el compromiso y respaldo del Presidente de la Rep\u00fablica, Guillermo Lasso, por lo que, para avanzar con todos los proyectos planificados, <strong>se prev\u00e9 un incremento de 1.5 a 24 millones de d\u00f3lares para el per\u00edodo 2022-2025, <\/strong>asignados para la prevenci\u00f3n y erradicaci\u00f3n de la violencia hacia las ni\u00f1as y mujeres.<\/p>\n\n\n\n<p class=\"wp-block-paragraph\">Esta instituci\u00f3n <strong>en conmemoraci\u00f3n al 25 de noviembre, D\u00eda Internacional de la Eliminaci\u00f3n de la Violencia contra las Mujeres<\/strong>, en coordinaci\u00f3n con todas las carteras de Estado presentar\u00e1n sus planes, estrategias y proyectos enmarcados en la prevenci\u00f3n de la violencia, el empoderamiento econ\u00f3mico y en derechos de las mujeres, ni\u00f1as y adolescentes, con la finalidad de llegar a la meta de <strong>Femicidio Cero en Ecuador<\/strong>, durante 16 d\u00edas, hasta el 10 de Diciembre, D\u00eda Internacional de los Derechos Humanos.<\/p>\n\n\n\n<p class=\"wp-block-paragraph\">Iniciaremos estas Jornadas en Guayaquil, con la suscripci\u00f3n de un convenio para la implementaci\u00f3n del primer Centro Violeta, conjuntamente con la Alcald\u00eda de Guayaquil, este espacio permitir\u00e1 la atenci\u00f3n en primera l\u00ednea para ni\u00f1as y mujeres sobrevivientes de violencia.<\/p>\n\n\n\n<p class=\"wp-block-paragraph\">Entre las actividades previstas por las diversas carteras de Estado, constan, conversatorios, talleres, ferias, donaciones de inmuebles con la finalidad de dar a conocer todos los proyectos que el Gobierno Nacional implementa para el empoderamiento econ\u00f3mico y en derechos de las mujeres.<\/p>\n\n\n\n<p class=\"wp-block-paragraph\">Es responsabilidad de todos sumar esfuerzos contra la violencia para construir en conjunto respuestas que permitan desnaturalizar y erradicar la violencia, especialmente, aquellas que afectan la integridad y la vida de las ni\u00f1as y mujeres.<\/p>\n","protected":false},"excerpt":{"rendered":"<p class=\"excerpt\">La Secretar\u00eda de Derechos Humanos (SDH) mediante Decreto N\u00b0 216 del 1 de octubre de 2021, asumi\u00f3 la competencia de \u201cErradicaci\u00f3n de la violencia contra ni\u00f1as, ni\u00f1os, adolescentes y mujeres\u201d y &nbsp;es la instancia rectora para la aplicaci\u00f3n de la Ley Org\u00e1nica Integral para Prevenir y Erradicar la Violencia contra las Mujeres (LOIPEVCM) en el pa\u00eds. Nuestro plan de acci\u00f3n&hellip; <a href=\"https:\/\/www.ministeriodegobierno.gob.ec\/derechoshumanos\/2021\/11\/18\/el-gobierno-nacional-inicia-las-jornadas-libres-de-violencia-hacia-las-ninas-y-mujeres\/\">Read more &rarr;<\/a><\/p>\n","protected":false},"author":8,"featured_media":9958,"comment_status":"closed","ping_status":"closed","sticky":false,"template":"","format":"standard","meta":{"footnotes":""},"categories":[20,5,6],"tags":[],"class_list":["post-10739","post","type-post","status-publish","format-standard","has-post-thumbnail","hentry","category-boletin-de-prensa","category-noticias","category-noticias-destacadas","xfolkentry"],"_links":{"self":[{"href":"https:\/\/www.ministeriodegobierno.gob.ec\/derechoshumanos\/wp-json\/wp\/v2\/posts\/10739","targetHints":{"allow":["GET"]}}],"collection":[{"href":"https:\/\/www.ministeriodegobierno.gob.ec\/derechoshumanos\/wp-json\/wp\/v2\/posts"}],"about":[{"href":"https:\/\/www.ministeriodegobierno.gob.ec\/derechoshumanos\/wp-json\/wp\/v2\/types\/post"}],"author":[{"embeddable":true,"href":"https:\/\/www.ministeriodegobierno.gob.ec\/derechoshumanos\/wp-json\/wp\/v2\/users\/8"}],"replies":[{"embeddable":true,"href":"https:\/\/www.ministeriodegobierno.gob.ec\/derechoshumanos\/wp-json\/wp\/v2\/comments?post=10739"}],"version-history":[{"count":1,"href":"https:\/\/www.ministeriodegobierno.gob.ec\/derechoshumanos\/wp-json\/wp\/v2\/posts\/10739\/revisions"}],"predecessor-version":[{"id":10740,"href":"https:\/\/www.ministeriodegobierno.gob.ec\/derechoshumanos\/wp-json\/wp\/v2\/posts\/10739\/revisions\/10740"}],"wp:featuredmedia":[{"embeddable":true,"href":"https:\/\/www.ministeriodegobierno.gob.ec\/derechoshumanos\/wp-json\/wp\/v2\/media\/9958"}],"wp:attachment":[{"href":"https:\/\/www.ministeriodegobierno.gob.ec\/derechoshumanos\/wp-json\/wp\/v2\/media?parent=10739"}],"wp:term":[{"taxonomy":"category","embeddable":true,"href":"https:\/\/www.ministeriodegobierno.gob.ec\/derechoshumanos\/wp-json\/wp\/v2\/categories?post=10739"},{"taxonomy":"post_tag","embeddable":true,"href":"https:\/\/www.ministeriodegobierno.gob.ec\/derechoshumanos\/wp-json\/wp\/v2\/tags?post=10739"}],"curies":[{"name":"wp","href":"https:\/\/api.w.org\/{rel}","templated":true}]}}